{"id":76583,"date":"2023-05-26T17:43:15","date_gmt":"2023-05-26T17:43:15","guid":{"rendered":"https:\/\/jorgezanoni.com.br\/2019\/?p=76583"},"modified":"2023-05-26T17:43:15","modified_gmt":"2023-05-26T17:43:15","slug":"1o-tenente-pm-felipe-morandi-participa-de-solenidade-na-sede-do-cpi-8-em-presidente-prudente","status":"publish","type":"post","link":"https:\/\/jorgezanoni.com.br\/2019\/1o-tenente-pm-felipe-morandi-participa-de-solenidade-na-sede-do-cpi-8-em-presidente-prudente\/","title":{"rendered":"1\u00ba Tenente PM Felipe Morandi participa de solenidade na sede do CPI-8 em Presidente Prudente"},"content":{"rendered":"<p style=\"text-align: justify;\">Na manh\u00e3 de hoje (26) foi realizada Solenidade para homenagear os Oficiais da Pol\u00edcia Militar que foram promovidos na ultima quarta feira, dia 24.<br \/>\nA Solenidade que presidida pelo Comandante do Policiamento do Interior 8, Coronel PM M\u00e1rcio Cortez, teve a participa\u00e7\u00e3o de Oficiais de toda \u00e1rea de atua\u00e7\u00e3o desse Comando.<br \/>\nNa \u00e1rea do 25\u00ba BPM\/I o Tenente PM Felipe Thomaz Morandi, da 2\u00b0 Companhia PM com sede em Adamantina foi promovido ao Posto de 1\u00b0 Tenente PM.<br \/>\nO nosso homenageado foi acompanhado durante o evento pelo Comandante do 25\u00b0BPMI Tenente Coronel PM Ivan, pelo Subcomandante Major PM J\u00falio e pelo Comandante da 2 Companhia PM Capit\u00e3o PM Bressan.<br \/>\nParab\u00e9ns 1\u00b0Tenente PM Morandi, sucesso sempre na carreira e na vida.<\/p>\n<p><img loading=\"lazy\" decoding=\"async\" class=\"alignnone size-full wp-image-76584\" src=\"https:\/\/jorgezanoni.com.br\/2019\/wp-content\/uploads\/2023\/05\/pm-Pequeno.jpg\" alt=\"\" width=\"853\" height=\"480\" srcset=\"https:\/\/jorgezanoni.com.br\/2019\/wp-content\/uploads\/2023\/05\/pm-Pequeno.jpg 853w, https:\/\/jorgezanoni.com.br\/2019\/wp-content\/uploads\/2023\/05\/pm-Pequeno-300x169.jpg 300w, https:\/\/jorgezanoni.com.br\/2019\/wp-content\/uploads\/2023\/05\/pm-Pequeno-768x432.jpg 768w, https:\/\/jorgezanoni.com.br\/2019\/wp-content\/uploads\/2023\/05\/pm-Pequeno-696x392.jpg 696w, https:\/\/jorgezanoni.com.br\/2019\/wp-content\/uploads\/2023\/05\/pm-Pequeno-746x420.jpg 746w\" sizes=\"auto, (max-width: 853px) 100vw, 853px\" \/> <img loading=\"lazy\" decoding=\"async\" class=\"alignnone size-full wp-image-76586\" src=\"https:\/\/jorgezanoni.com.br\/2019\/wp-content\/uploads\/2023\/05\/pm3-Pequeno.jpg\" alt=\"\" width=\"640\" height=\"480\" srcset=\"https:\/\/jorgezanoni.com.br\/2019\/wp-content\/uploads\/2023\/05\/pm3-Pequeno.jpg 640w, https:\/\/jorgezanoni.com.br\/2019\/wp-content\/uploads\/2023\/05\/pm3-Pequeno-300x225.jpg 300w, https:\/\/jorgezanoni.com.br\/2019\/wp-content\/uploads\/2023\/05\/pm3-Pequeno-80x60.jpg 80w, https:\/\/jorgezanoni.com.br\/2019\/wp-content\/uploads\/2023\/05\/pm3-Pequeno-265x198.jpg 265w, https:\/\/jorgezanoni.com.br\/2019\/wp-content\/uploads\/2023\/05\/pm3-Pequeno-560x420.jpg 560w\" sizes=\"auto, (max-width: 640px) 100vw, 640px\" \/> <img loading=\"lazy\" decoding=\"async\" class=\"alignnone size-full wp-image-76587\" src=\"https:\/\/jorgezanoni.com.br\/2019\/wp-content\/uploads\/2023\/05\/pm1-Pequeno.jpg\" alt=\"\" width=\"853\" height=\"480\" srcset=\"https:\/\/jorgezanoni.com.br\/2019\/wp-content\/uploads\/2023\/05\/pm1-Pequeno.jpg 853w, https:\/\/jorgezanoni.com.br\/2019\/wp-content\/uploads\/2023\/05\/pm1-Pequeno-300x169.jpg 300w, https:\/\/jorgezanoni.com.br\/2019\/wp-content\/uploads\/2023\/05\/pm1-Pequeno-768x432.jpg 768w, https:\/\/jorgezanoni.com.br\/2019\/wp-content\/uploads\/2023\/05\/pm1-Pequeno-696x392.jpg 696w, https:\/\/jorgezanoni.com.br\/2019\/wp-content\/uploads\/2023\/05\/pm1-Pequeno-746x420.jpg 746w\" sizes=\"auto, (max-width: 853px) 100vw, 853px\" \/><\/p>\n<p>Fonte: Com. Social Pol\u00edcia Militar<\/p>\n","protected":false},"excerpt":{"rendered":"<p>Na manh\u00e3 de hoje (26) foi realizada Solenidade para homenagear os Oficiais da Pol\u00edcia Militar que foram promovidos na ultima quarta feira, dia 24. A Solenidade que presidida pelo Comandante do Policiamento do Interior 8, Coronel PM M\u00e1rcio Cortez, teve a participa\u00e7\u00e3o de Oficiais de toda \u00e1rea de atua\u00e7\u00e3o desse Comando. Na \u00e1rea do 25\u00ba [&hellip;]<\/p>\n","protected":false},"author":1,"featured_media":76585,"comment_status":"closed","ping_status":"open","sticky":false,"template":"","format":"standard","meta":{"footnotes":""},"categories":[110,2],"tags":[],"class_list":["post-76583","post","type-post","status-publish","format-standard","has-post-thumbnail","hentry","category-noticiasdestaque","category-policial"],"_links":{"self":[{"href":"https:\/\/jorgezanoni.com.br\/2019\/wp-json\/wp\/v2\/posts\/76583","targetHints":{"allow":["GET"]}}],"collection":[{"href":"https:\/\/jorgezanoni.com.br\/2019\/wp-json\/wp\/v2\/posts"}],"about":[{"href":"https:\/\/jorgezanoni.com.br\/2019\/wp-json\/wp\/v2\/types\/post"}],"author":[{"embeddable":true,"href":"https:\/\/jorgezanoni.com.br\/2019\/wp-json\/wp\/v2\/users\/1"}],"replies":[{"embeddable":true,"href":"https:\/\/jorgezanoni.com.br\/2019\/wp-json\/wp\/v2\/comments?post=76583"}],"version-history":[{"count":1,"href":"https:\/\/jorgezanoni.com.br\/2019\/wp-json\/wp\/v2\/posts\/76583\/revisions"}],"predecessor-version":[{"id":76588,"href":"https:\/\/jorgezanoni.com.br\/2019\/wp-json\/wp\/v2\/posts\/76583\/revisions\/76588"}],"wp:featuredmedia":[{"embeddable":true,"href":"https:\/\/jorgezanoni.com.br\/2019\/wp-json\/wp\/v2\/media\/76585"}],"wp:attachment":[{"href":"https:\/\/jorgezanoni.com.br\/2019\/wp-json\/wp\/v2\/media?parent=76583"}],"wp:term":[{"taxonomy":"category","embeddable":true,"href":"https:\/\/jorgezanoni.com.br\/2019\/wp-json\/wp\/v2\/categories?post=76583"},{"taxonomy":"post_tag","embeddable":true,"href":"https:\/\/jorgezanoni.com.br\/2019\/wp-json\/wp\/v2\/tags?post=76583"}],"curies":[{"name":"wp","href":"https:\/\/api.w.org\/{rel}","templated":true}]}}