{"id":7655,"date":"2019-10-01T01:49:09","date_gmt":"2019-10-01T01:49:09","guid":{"rendered":"https:\/\/jorgezanoni.com.br\/2019\/?p=7655"},"modified":"2019-10-01T01:49:09","modified_gmt":"2019-10-01T01:49:09","slug":"homem-armado-com-machado-e-detido-apos-invadir-creche-em-marilia","status":"publish","type":"post","link":"https:\/\/jorgezanoni.com.br\/2019\/homem-armado-com-machado-e-detido-apos-invadir-creche-em-marilia\/","title":{"rendered":"Homem armado com machado \u00e9 detido ap\u00f3s invadir creche em Mar\u00edlia"},"content":{"rendered":"<h2 class=\"content-head__subtitle\" style=\"text-align: justify;\"><strong>Pol\u00edcia conseguiu deter o homem de 35 anos que se escondeu no banheiro e disse que \u2018tentava se proteger\u2019. Alunos j\u00e1 haviam deixado a unidade e ningu\u00e9m se feriu.<\/strong><\/h2>\n<div class=\"mc-column content-text active-extra-styles \" data-block-type=\"unstyled\" data-block-weight=\"24\" data-block-id=\"2\">\n<p class=\"content-text__container \" style=\"text-align: justify;\" data-track-category=\"Link no Texto\" data-track-links=\"\">Um homem armado com um machado invadiu a creche &#8220;Chapeuzinho Vermelho&#8221; na final da tarde desta segunda-feira (30), no bairro Fragata, em Mar\u00edlia (SP).<\/p>\n<\/div>\n<div class=\"wall protected-content\">\n<div class=\"mc-column content-text active-extra-styles \" data-block-type=\"unstyled\" data-block-weight=\"31\" data-block-id=\"3\">\n<p class=\"content-text__container \" style=\"text-align: justify;\" data-track-category=\"Link no Texto\" data-track-links=\"\">A Pol\u00edcia Militar foi acionada e conseguiu deter o suspeito. O homem, de 35 anos, foi encontrado no interior de um banheiro e teria dito aos policiais que &#8220;tentava se proteger&#8221;.<\/p>\n<div class=\"mc-column content-text active-extra-styles \" style=\"text-align: justify;\" data-block-type=\"unstyled\" data-block-weight=\"21\" data-block-id=\"5\">\n<p class=\"content-text__container \" data-track-category=\"Link no Texto\" data-track-links=\"\">No momento da invas\u00e3o, todos os alunos j\u00e1 haviam sa\u00eddo e a os funcion\u00e1rios tamb\u00e9m j\u00e1 se preparavam para ir embora.<\/p>\n<\/div>\n<div class=\"mc-column content-text active-extra-styles \" data-block-type=\"unstyled\" data-block-weight=\"19\" data-block-id=\"6\">\n<p class=\"content-text__container \" style=\"text-align: justify;\" data-track-category=\"Link no Texto\" data-track-links=\"\">Apesar do susto, ningu\u00e9m ficou ferido. O homem foi levado para a Central de Pol\u00edcia Judici\u00e1ria (CPJ) de Mar\u00edlia.<\/p>\n<p style=\"text-align: justify;\" data-track-category=\"Link no Texto\" data-track-links=\"\">Fonte: G1<\/p>\n<\/div>\n<\/div>\n<\/div>\n","protected":false},"excerpt":{"rendered":"<p>Pol\u00edcia conseguiu deter o homem de 35 anos que se escondeu no banheiro e disse que \u2018tentava se proteger\u2019. Alunos j\u00e1 haviam deixado a unidade e ningu\u00e9m se feriu. Um homem armado com um machado invadiu a creche &#8220;Chapeuzinho Vermelho&#8221; na final da tarde desta segunda-feira (30), no bairro Fragata, em Mar\u00edlia (SP). A Pol\u00edcia [&hellip;]<\/p>\n","protected":false},"author":1,"featured_media":7656,"comment_status":"closed","ping_status":"open","sticky":false,"template":"","format":"standard","meta":{"footnotes":""},"categories":[110,2],"tags":[],"class_list":["post-7655","post","type-post","status-publish","format-standard","has-post-thumbnail","hentry","category-noticiasdestaque","category-policial"],"_links":{"self":[{"href":"https:\/\/jorgezanoni.com.br\/2019\/wp-json\/wp\/v2\/posts\/7655","targetHints":{"allow":["GET"]}}],"collection":[{"href":"https:\/\/jorgezanoni.com.br\/2019\/wp-json\/wp\/v2\/posts"}],"about":[{"href":"https:\/\/jorgezanoni.com.br\/2019\/wp-json\/wp\/v2\/types\/post"}],"author":[{"embeddable":true,"href":"https:\/\/jorgezanoni.com.br\/2019\/wp-json\/wp\/v2\/users\/1"}],"replies":[{"embeddable":true,"href":"https:\/\/jorgezanoni.com.br\/2019\/wp-json\/wp\/v2\/comments?post=7655"}],"version-history":[{"count":0,"href":"https:\/\/jorgezanoni.com.br\/2019\/wp-json\/wp\/v2\/posts\/7655\/revisions"}],"wp:featuredmedia":[{"embeddable":true,"href":"https:\/\/jorgezanoni.com.br\/2019\/wp-json\/wp\/v2\/media\/7656"}],"wp:attachment":[{"href":"https:\/\/jorgezanoni.com.br\/2019\/wp-json\/wp\/v2\/media?parent=7655"}],"wp:term":[{"taxonomy":"category","embeddable":true,"href":"https:\/\/jorgezanoni.com.br\/2019\/wp-json\/wp\/v2\/categories?post=7655"},{"taxonomy":"post_tag","embeddable":true,"href":"https:\/\/jorgezanoni.com.br\/2019\/wp-json\/wp\/v2\/tags?post=7655"}],"curies":[{"name":"wp","href":"https:\/\/api.w.org\/{rel}","templated":true}]}}