{"id":76510,"date":"2023-05-24T22:23:46","date_gmt":"2023-05-24T22:23:46","guid":{"rendered":"https:\/\/jorgezanoni.com.br\/2019\/?p=76510"},"modified":"2023-05-24T22:23:46","modified_gmt":"2023-05-24T22:23:46","slug":"fundec-abre-processo-seletivo-para-contratacao-de-estagiarios","status":"publish","type":"post","link":"https:\/\/jorgezanoni.com.br\/2019\/fundec-abre-processo-seletivo-para-contratacao-de-estagiarios\/","title":{"rendered":"Fundec abre processo seletivo para contrata\u00e7\u00e3o de estagi\u00e1rios"},"content":{"rendered":"<p style=\"text-align: justify;\"><span style=\"font-size: large;\">A Funda\u00e7\u00e3o Dracenense de Educa\u00e7\u00e3o e Cultura (Fundec) est\u00e1 em busca de alunos dos cursos de Pedagogia e de Ci\u00eancias da Computa\u00e7\u00e3o ou Tecnologia em An\u00e1lise e Desenvolvimento de Sistemas ou na \u00e1rea de Tecnologia para estagiarem na institui\u00e7\u00e3o e abriu inscri\u00e7\u00f5es para o Processo Seletivo 06\/2023.<\/span><\/p>\n<div style=\"text-align: justify;\"><span style=\"font-size: large;\">O edital est\u00e1 dispon\u00edvel no link\u00a0<a href=\"https:\/\/fundec.edu.br\/editais\" target=\"_blank\" rel=\"noopener noreferrer\">https:\/\/fundec.edu.br\/editais<\/a>\u00a0e os interessados devem acessar o bot\u00e3o &#8220;Portal de Inscri\u00e7\u00f5es&#8221; para se candidatar \u00e0 vaga,\u00a0<b>at\u00e9 o dia 02\/06\/2023<\/b>.<\/span><\/div>\n<div style=\"text-align: justify;\"><\/div>\n<div style=\"text-align: justify;\">Fonte: Depto. de Comunica\u00e7\u00e3o da Fundec<\/div>\n","protected":false},"excerpt":{"rendered":"<p>A Funda\u00e7\u00e3o Dracenense de Educa\u00e7\u00e3o e Cultura (Fundec) est\u00e1 em busca de alunos dos cursos de Pedagogia e de Ci\u00eancias da Computa\u00e7\u00e3o ou Tecnologia em An\u00e1lise e Desenvolvimento de Sistemas ou na \u00e1rea de Tecnologia para estagiarem na institui\u00e7\u00e3o e abriu inscri\u00e7\u00f5es para o Processo Seletivo 06\/2023. O edital est\u00e1 dispon\u00edvel no link\u00a0https:\/\/fundec.edu.br\/editais\u00a0e os interessados [&hellip;]<\/p>\n","protected":false},"author":1,"featured_media":76511,"comment_status":"closed","ping_status":"open","sticky":false,"template":"","format":"standard","meta":{"footnotes":""},"categories":[110,122],"tags":[],"class_list":["post-76510","post","type-post","status-publish","format-standard","has-post-thumbnail","hentry","category-noticiasdestaque","category-saudeeducacaoeconcurso"],"_links":{"self":[{"href":"https:\/\/jorgezanoni.com.br\/2019\/wp-json\/wp\/v2\/posts\/76510","targetHints":{"allow":["GET"]}}],"collection":[{"href":"https:\/\/jorgezanoni.com.br\/2019\/wp-json\/wp\/v2\/posts"}],"about":[{"href":"https:\/\/jorgezanoni.com.br\/2019\/wp-json\/wp\/v2\/types\/post"}],"author":[{"embeddable":true,"href":"https:\/\/jorgezanoni.com.br\/2019\/wp-json\/wp\/v2\/users\/1"}],"replies":[{"embeddable":true,"href":"https:\/\/jorgezanoni.com.br\/2019\/wp-json\/wp\/v2\/comments?post=76510"}],"version-history":[{"count":1,"href":"https:\/\/jorgezanoni.com.br\/2019\/wp-json\/wp\/v2\/posts\/76510\/revisions"}],"predecessor-version":[{"id":76512,"href":"https:\/\/jorgezanoni.com.br\/2019\/wp-json\/wp\/v2\/posts\/76510\/revisions\/76512"}],"wp:featuredmedia":[{"embeddable":true,"href":"https:\/\/jorgezanoni.com.br\/2019\/wp-json\/wp\/v2\/media\/76511"}],"wp:attachment":[{"href":"https:\/\/jorgezanoni.com.br\/2019\/wp-json\/wp\/v2\/media?parent=76510"}],"wp:term":[{"taxonomy":"category","embeddable":true,"href":"https:\/\/jorgezanoni.com.br\/2019\/wp-json\/wp\/v2\/categories?post=76510"},{"taxonomy":"post_tag","embeddable":true,"href":"https:\/\/jorgezanoni.com.br\/2019\/wp-json\/wp\/v2\/tags?post=76510"}],"curies":[{"name":"wp","href":"https:\/\/api.w.org\/{rel}","templated":true}]}}