{"id":76506,"date":"2023-05-24T16:48:56","date_gmt":"2023-05-24T16:48:56","guid":{"rendered":"https:\/\/jorgezanoni.com.br\/2019\/?p=76506"},"modified":"2023-05-24T16:48:56","modified_gmt":"2023-05-24T16:48:56","slug":"adrim-agradece-loja-maconica-por-doacao-de-cestas-basicas","status":"publish","type":"post","link":"https:\/\/jorgezanoni.com.br\/2019\/adrim-agradece-loja-maconica-por-doacao-de-cestas-basicas\/","title":{"rendered":"ADRIM agradece Loja Ma\u00e7\u00f4nica por doa\u00e7\u00e3o de cestas b\u00e1sicas"},"content":{"rendered":"<p style=\"text-align: justify;\">A Associa\u00e7\u00e3o de Apoio aos Renais Cr\u00f4nicos de Dracena (ADRIM), agradece a doa\u00e7\u00e3o de 25 cestas b\u00e1sicas entregues pela Loja Ma\u00e7\u00f4nica Solidariedade e Firmeza.<\/p>\n<p style=\"text-align: justify;\">Participaram do ato de entrega o presidende da Loja Ademilson Pacher e Roberto Pereira da Silva Filho e diretores e colaboradores da ADRIM que agradeceram a doa\u00e7\u00e3o.<\/p>\n<p><img loading=\"lazy\" decoding=\"async\" class=\"alignnone size-full wp-image-76508\" src=\"https:\/\/jorgezanoni.com.br\/2019\/wp-content\/uploads\/2023\/05\/rotary2.jpg\" alt=\"\" width=\"700\" height=\"554\" srcset=\"https:\/\/jorgezanoni.com.br\/2019\/wp-content\/uploads\/2023\/05\/rotary2.jpg 700w, https:\/\/jorgezanoni.com.br\/2019\/wp-content\/uploads\/2023\/05\/rotary2-300x237.jpg 300w, https:\/\/jorgezanoni.com.br\/2019\/wp-content\/uploads\/2023\/05\/rotary2-696x551.jpg 696w, https:\/\/jorgezanoni.com.br\/2019\/wp-content\/uploads\/2023\/05\/rotary2-531x420.jpg 531w\" sizes=\"auto, (max-width: 700px) 100vw, 700px\" \/><\/p>\n<p>Jorge Zanoni<\/p>\n<p>Fotos Cedida<\/p>\n<p>&nbsp;<\/p>\n","protected":false},"excerpt":{"rendered":"<p>A Associa\u00e7\u00e3o de Apoio aos Renais Cr\u00f4nicos de Dracena (ADRIM), agradece a doa\u00e7\u00e3o de 25 cestas b\u00e1sicas entregues pela Loja Ma\u00e7\u00f4nica Solidariedade e Firmeza. Participaram do ato de entrega o presidende da Loja Ademilson Pacher e Roberto Pereira da Silva Filho e diretores e colaboradores da ADRIM que agradeceram a doa\u00e7\u00e3o. Jorge Zanoni Fotos Cedida [&hellip;]<\/p>\n","protected":false},"author":1,"featured_media":76507,"comment_status":"closed","ping_status":"open","sticky":false,"template":"","format":"standard","meta":{"footnotes":""},"categories":[110,118],"tags":[],"class_list":["post-76506","post","type-post","status-publish","format-standard","has-post-thumbnail","hentry","category-noticiasdestaque","category-religiaoesolidariedade"],"_links":{"self":[{"href":"https:\/\/jorgezanoni.com.br\/2019\/wp-json\/wp\/v2\/posts\/76506","targetHints":{"allow":["GET"]}}],"collection":[{"href":"https:\/\/jorgezanoni.com.br\/2019\/wp-json\/wp\/v2\/posts"}],"about":[{"href":"https:\/\/jorgezanoni.com.br\/2019\/wp-json\/wp\/v2\/types\/post"}],"author":[{"embeddable":true,"href":"https:\/\/jorgezanoni.com.br\/2019\/wp-json\/wp\/v2\/users\/1"}],"replies":[{"embeddable":true,"href":"https:\/\/jorgezanoni.com.br\/2019\/wp-json\/wp\/v2\/comments?post=76506"}],"version-history":[{"count":1,"href":"https:\/\/jorgezanoni.com.br\/2019\/wp-json\/wp\/v2\/posts\/76506\/revisions"}],"predecessor-version":[{"id":76509,"href":"https:\/\/jorgezanoni.com.br\/2019\/wp-json\/wp\/v2\/posts\/76506\/revisions\/76509"}],"wp:featuredmedia":[{"embeddable":true,"href":"https:\/\/jorgezanoni.com.br\/2019\/wp-json\/wp\/v2\/media\/76507"}],"wp:attachment":[{"href":"https:\/\/jorgezanoni.com.br\/2019\/wp-json\/wp\/v2\/media?parent=76506"}],"wp:term":[{"taxonomy":"category","embeddable":true,"href":"https:\/\/jorgezanoni.com.br\/2019\/wp-json\/wp\/v2\/categories?post=76506"},{"taxonomy":"post_tag","embeddable":true,"href":"https:\/\/jorgezanoni.com.br\/2019\/wp-json\/wp\/v2\/tags?post=76506"}],"curies":[{"name":"wp","href":"https:\/\/api.w.org\/{rel}","templated":true}]}}