{"id":76472,"date":"2023-05-22T21:41:16","date_gmt":"2023-05-22T21:41:16","guid":{"rendered":"https:\/\/jorgezanoni.com.br\/2019\/?p=76472"},"modified":"2023-05-22T21:41:16","modified_gmt":"2023-05-22T21:41:16","slug":"unifadra-convida-para-a-semana-da-inclusao","status":"publish","type":"post","link":"https:\/\/jorgezanoni.com.br\/2019\/unifadra-convida-para-a-semana-da-inclusao\/","title":{"rendered":"Unifadra convida para a Semana da Inclus\u00e3o"},"content":{"rendered":"<p style=\"text-align: justify;\"><span style=\"font-size: large;\">Nos dias 23 a 26 de maio, o departamento de Psicologia da Unifadra promove a I Semana da Inclus\u00e3o: Sa\u00fade Mental e Direitos Humanos e a VIII Semana de Inclus\u00e3o da Pessoa com Defici\u00eancia, tendo como tema &#8220;Altas Habilidades: inclus\u00e3o por qu\u00ea?&#8221;. O evento \u00e9 gratuito e aberto ao p\u00fablico, com in\u00edcio \u00e0s 19h, no Audit\u00f3rio da Fundec. Venha participar!<\/span><\/p>\n<p><span style=\"font-size: large;\">Os organizadores ressaltam que \u00e9 importante falar de inclus\u00e3o no nosso pa\u00eds, sendo assim, decidiram expandir um evento que j\u00e1 \u00e9 realizado h\u00e1 oito anos para trazer tamb\u00e9m reflex\u00f5es sobre sa\u00fade mental e os direitos humanos.<\/span><\/p>\n<p><span style=\"font-size: large;\">Os acad\u00eamicos do 5\u00ba e do 7\u00ba termo de Psicologia ficaram respons\u00e1veis por promover os temas sa\u00fade mental e direitos LGBTI+, orientados pelos professores Alessandra de Arriba Rossetto e Rodrigo Carrilho Pedrini. J\u00e1 os acad\u00eamicos do 9\u00ba termo est\u00e3o respons\u00e1veis pela VIII Semana da Inclus\u00e3o, que trar\u00e1 como tema &#8220;Altas Habilidades: inclus\u00e3o por qu\u00ea?&#8221;, sendo orientados pela professora La\u00edzi da Silva Santos.<\/span><\/p>\n<p><span style=\"font-size: large;\">Segundo a coordenadora do curso de\u00a0<\/span>Psicologia, Profa.<span style=\"font-size: large;\">\u00a0Ma. Andr\u00e9a Frizo, &#8220;a Unifadra, por meio dessas atividades, vem cumprindo seu papel social e abrindo suas portas para a comunidade com a\u00e7\u00f5es de extens\u00e3o e ensino, compartilhando um pouco do conhecimento em discuss\u00f5es promovidas dentro do seu espa\u00e7o acad\u00eamico&#8221;. Ela relembra que estas reflex\u00f5es s\u00e3o muito importantes para todos os acad\u00eamicos da Unifadra, bem como para a comunidade de Dracena e regi\u00e3o e refor\u00e7a o convite para que profissionais e gestores da sa\u00fade e da educa\u00e7\u00e3o e todos os interessados &#8220;participem conosco dessa semana!&#8221;.<\/span><\/p>\n<p><span style=\"font-size: large;\">O objetivo da Semana de Inclus\u00e3o \u00e9 a reflex\u00e3o sobre os direitos humanos e o direito das pessoas com defici\u00eancia, com olhar para as quest\u00f5es sociais, levando informa\u00e7\u00f5es e discutindo tem\u00e1ticas relevantes para a Psicologia e para a sociedade.<\/span><\/p>\n<p><b><span style=\"font-size: large;\">Programa\u00e7\u00e3o<\/span><\/p>\n<p><span style=\"font-size: large;\">23\/05\/2023<\/span><\/b><br \/>\n<span style=\"font-size: large;\">&#8211; Abertura da I Semana da Inclus\u00e3o<\/span><br \/>\n<span style=\"font-size: large;\">&#8211; Apresenta\u00e7\u00e3o de dan\u00e7a<\/span><br \/>\n<span style=\"font-size: large;\"><b>Roda de conversa sobre a luta antimanicomial<\/b><\/span><br \/>\n<span style=\"font-size: large;\">Palestrantes: Equipe do CAPS e Isabela\u00a0<\/span>Paschoalotto<span style=\"font-size: large;\">\u00a0Marques<\/span><br \/>\n<b><span style=\"font-size: large;\">Quando ser quem sou gera adoecimento: considera\u00e7\u00f5es acerca da sa\u00fade psicol\u00f3gica de pessoas LGBTI+<\/span><br \/>\n<\/b><span style=\"font-size: large;\">Palestrante: Igor Mar\u00e7al Mena<\/span><\/p>\n<p><span style=\"font-size: large;\"><b>24\/05\/2023<\/b><\/span><br \/>\n<span style=\"font-size: large;\">&#8211; Abertura oficial da VIII Semana da Inclus\u00e3o da Pessoa com Defici\u00eancia &#8211; Altas Habilidades: inclus\u00e3o por qu\u00ea?<\/span><br \/>\n<span style=\"font-size: large;\">&#8211; Apresenta\u00e7\u00e3o da fanfarra da APAE<\/span><br \/>\n<b><span style=\"font-size: large;\">Discutindo a realidade sobre as Altas Habilidades\/Superdota\u00e7\u00e3o no Brasil<\/span><br \/>\n<\/b><span style=\"font-size: large;\">Palestrante: Camila Incau<\/span><\/p>\n<p><b><span style=\"font-size: large;\">25\/05\/2023<\/span><br \/>\n<span style=\"font-size: large;\">Conversa sobre Altas Habilidades na Inf\u00e2ncia<\/span><br \/>\n<\/b><span style=\"font-size: large;\">Palestrante: Meiriellen Puga Rufato<\/span><br \/>\n<span style=\"font-size: large;\"><b>Altas Habilidades no adulto<\/b><\/span><br \/>\n<span style=\"font-size: large;\">Palestrante: Alexandre Aguiar Victuri<\/span><\/p>\n<p><b><span style=\"font-size: large;\">26\/05\/2023<\/span><br \/>\n<span style=\"font-size: large;\">Altas Habilidades\/Superdota\u00e7\u00e3o: da avalia\u00e7\u00e3o ao enriquecimento curricular<\/span><\/b><br \/>\n<span style=\"font-size: large;\">Palestrante: Ta\u00edza Fernanda Ramalhais<\/span><\/p>\n<p><img loading=\"lazy\" decoding=\"async\" class=\"alignnone size-full wp-image-76473\" src=\"https:\/\/jorgezanoni.com.br\/2019\/wp-content\/uploads\/2023\/05\/z-semana-1.png\" alt=\"\" width=\"700\" height=\"393\" srcset=\"https:\/\/jorgezanoni.com.br\/2019\/wp-content\/uploads\/2023\/05\/z-semana-1.png 700w, https:\/\/jorgezanoni.com.br\/2019\/wp-content\/uploads\/2023\/05\/z-semana-1-300x168.png 300w, https:\/\/jorgezanoni.com.br\/2019\/wp-content\/uploads\/2023\/05\/z-semana-1-696x391.png 696w\" sizes=\"auto, (max-width: 700px) 100vw, 700px\" \/><\/p>\n<p>Fonte: Depto. de Comunica\u00e7\u00e3o da Fundec<\/p>\n","protected":false},"excerpt":{"rendered":"<p>Nos dias 23 a 26 de maio, o departamento de Psicologia da Unifadra promove a I Semana da Inclus\u00e3o: Sa\u00fade Mental e Direitos Humanos e a VIII Semana de Inclus\u00e3o da Pessoa com Defici\u00eancia, tendo como tema &#8220;Altas Habilidades: inclus\u00e3o por qu\u00ea?&#8221;. O evento \u00e9 gratuito e aberto ao p\u00fablico, com in\u00edcio \u00e0s 19h, no [&hellip;]<\/p>\n","protected":false},"author":1,"featured_media":76474,"comment_status":"closed","ping_status":"open","sticky":false,"template":"","format":"standard","meta":{"footnotes":""},"categories":[110,122],"tags":[],"class_list":["post-76472","post","type-post","status-publish","format-standard","has-post-thumbnail","hentry","category-noticiasdestaque","category-saudeeducacaoeconcurso"],"_links":{"self":[{"href":"https:\/\/jorgezanoni.com.br\/2019\/wp-json\/wp\/v2\/posts\/76472","targetHints":{"allow":["GET"]}}],"collection":[{"href":"https:\/\/jorgezanoni.com.br\/2019\/wp-json\/wp\/v2\/posts"}],"about":[{"href":"https:\/\/jorgezanoni.com.br\/2019\/wp-json\/wp\/v2\/types\/post"}],"author":[{"embeddable":true,"href":"https:\/\/jorgezanoni.com.br\/2019\/wp-json\/wp\/v2\/users\/1"}],"replies":[{"embeddable":true,"href":"https:\/\/jorgezanoni.com.br\/2019\/wp-json\/wp\/v2\/comments?post=76472"}],"version-history":[{"count":1,"href":"https:\/\/jorgezanoni.com.br\/2019\/wp-json\/wp\/v2\/posts\/76472\/revisions"}],"predecessor-version":[{"id":76475,"href":"https:\/\/jorgezanoni.com.br\/2019\/wp-json\/wp\/v2\/posts\/76472\/revisions\/76475"}],"wp:featuredmedia":[{"embeddable":true,"href":"https:\/\/jorgezanoni.com.br\/2019\/wp-json\/wp\/v2\/media\/76474"}],"wp:attachment":[{"href":"https:\/\/jorgezanoni.com.br\/2019\/wp-json\/wp\/v2\/media?parent=76472"}],"wp:term":[{"taxonomy":"category","embeddable":true,"href":"https:\/\/jorgezanoni.com.br\/2019\/wp-json\/wp\/v2\/categories?post=76472"},{"taxonomy":"post_tag","embeddable":true,"href":"https:\/\/jorgezanoni.com.br\/2019\/wp-json\/wp\/v2\/tags?post=76472"}],"curies":[{"name":"wp","href":"https:\/\/api.w.org\/{rel}","templated":true}]}}