{"id":7645,"date":"2019-10-01T01:05:09","date_gmt":"2019-10-01T01:05:09","guid":{"rendered":"https:\/\/jorgezanoni.com.br\/2019\/?p=7645"},"modified":"2019-10-01T01:06:38","modified_gmt":"2019-10-01T01:06:38","slug":"operacao-interestadual-desarticula-organizacao-criminosa-que-lucrou-mais-de-r-3-milhoes-com-trafico-de-cocaina","status":"publish","type":"post","link":"https:\/\/jorgezanoni.com.br\/2019\/operacao-interestadual-desarticula-organizacao-criminosa-que-lucrou-mais-de-r-3-milhoes-com-trafico-de-cocaina\/","title":{"rendered":"Opera\u00e7\u00e3o interestadual desarticula organiza\u00e7\u00e3o criminosa que lucrou mais de R$ 3 milh\u00f5es com tr\u00e1fico de coca\u00edna"},"content":{"rendered":"<h2 class=\"content-head__subtitle\" style=\"text-align: justify;\"><strong>A\u00e7\u00e3o conjunta da Pol\u00edcia Civil paulista com a Delegacia da Pol\u00edcia Federal de Dourados (MS) prendeu quatro pessoas. Investiga\u00e7\u00f5es apontam que grupo atuava havia cerca de seis anos.<\/strong><\/h2>\n<p style=\"text-align: justify;\"><img loading=\"lazy\" decoding=\"async\" class=\"alignnone size-full wp-image-7646\" src=\"https:\/\/jorgezanoni.com.br\/2019\/wp-content\/uploads\/2019\/10\/trafico.jpg\" alt=\"\" width=\"1000\" height=\"1002\" srcset=\"https:\/\/jorgezanoni.com.br\/2019\/wp-content\/uploads\/2019\/10\/trafico.jpg 1000w, https:\/\/jorgezanoni.com.br\/2019\/wp-content\/uploads\/2019\/10\/trafico-150x150.jpg 150w, https:\/\/jorgezanoni.com.br\/2019\/wp-content\/uploads\/2019\/10\/trafico-300x300.jpg 300w, https:\/\/jorgezanoni.com.br\/2019\/wp-content\/uploads\/2019\/10\/trafico-768x770.jpg 768w, https:\/\/jorgezanoni.com.br\/2019\/wp-content\/uploads\/2019\/10\/trafico-696x697.jpg 696w, https:\/\/jorgezanoni.com.br\/2019\/wp-content\/uploads\/2019\/10\/trafico-419x420.jpg 419w\" sizes=\"auto, (max-width: 1000px) 100vw, 1000px\" \/>Grupo criminoso utilizava caminh\u00f5es para fazer o transporte da coca\u00edna \u2014 Foto: Pol\u00edcia Civil\/Cedida<\/p>\n<div class=\"mc-column content-text active-extra-styles \" data-block-type=\"unstyled\" data-block-weight=\"38\" data-block-id=\"2\">\n<p class=\"content-text__container \" style=\"text-align: justify;\" data-track-category=\"Link no Texto\" data-track-links=\"\">A Pol\u00edcia Civil, em\u00a0<a href=\"https:\/\/g1.globo.com\/sp\/presidente-prudente-regiao\/cidade\/rosana\/\">Rosana (SP)<\/a>, concluiu nesta segunda-feira (30) a Opera\u00e7\u00e3o Gupta. A investiga\u00e7\u00e3o policial, realizada em conjunto com a Delegacia da Pol\u00edcia Federal de\u00a0<a href=\"https:\/\/g1.globo.com\/ms\/mato-grosso-do-sul\/cidade\/dourados\/\">Dourados (MS)<\/a>, desmantelou uma organiza\u00e7\u00e3o criminosa voltada ao tr\u00e1fico interestadual de coca\u00edna.<\/p>\n<\/div>\n<div class=\"wall protected-content\">\n<div class=\"mc-column content-text active-extra-styles \" style=\"text-align: justify;\" data-block-type=\"unstyled\" data-block-weight=\"4\" data-block-id=\"3\">\n<p class=\"content-text__container \" data-track-category=\"Link no Texto\" data-track-links=\"\">Quatro pessoas foram presas.<\/p>\n<\/div>\n<div class=\"mc-column content-text active-extra-styles \" style=\"text-align: justify;\" data-block-type=\"unstyled\" data-block-weight=\"44\" data-block-id=\"4\">\n<p class=\"content-text__container \" data-track-category=\"Link no Texto\" data-track-links=\"\">Segundo a Pol\u00edcia Civil paulista, a organiza\u00e7\u00e3o fazia uso de uma transportadora que, ap\u00f3s selecionar fretes cujas rotas eram compat\u00edveis com o destino da droga a ser transportada, ocultava grandes quantidades de coca\u00edna no interior das cabines dos caminh\u00f5es que seguiam as suas viagens.<\/p>\n<\/div>\n<div class=\"mc-column content-text active-extra-styles \" style=\"text-align: justify;\" data-block-type=\"unstyled\" data-block-weight=\"34\" data-block-id=\"5\">\n<p class=\"content-text__container \" data-track-category=\"Link no Texto\" data-track-links=\"\">A droga era transportada com o aux\u00edlio do l\u00edder da organiza\u00e7\u00e3o criminosa, que sempre seguia \u00e0 frente dos caminh\u00f5es, a fim de repassar informa\u00e7\u00f5es aos seus motoristas para que desviassem de eventuais barreiras policiais.<\/p>\n<\/div>\n<div class=\"mc-column content-text active-extra-styles \" style=\"text-align: justify;\" data-block-type=\"unstyled\" data-block-weight=\"25\" data-block-id=\"6\">\n<p class=\"content-text__container \" data-track-category=\"Link no Texto\" data-track-links=\"\">A organiza\u00e7\u00e3o contava ainda com um sofisticado esquema que permitia a oculta\u00e7\u00e3o da coca\u00edna no interior das cabines, impedindo quase por completo a sua localiza\u00e7\u00e3o.<\/p>\n<\/div>\n<div class=\"mc-column content-text active-extra-styles \" style=\"text-align: justify;\" data-block-type=\"unstyled\" data-block-weight=\"32\" data-block-id=\"7\">\n<p class=\"content-text__container \" data-track-category=\"Link no Texto\" data-track-links=\"\">Conforme a pol\u00edcia, o uso da empresa transportadora ainda lhes permitia trafegar sempre em posse de notas fiscais de cargas l\u00edcitas, compat\u00edveis com a rota de tr\u00e1fico interestadual utilizada pela organiza\u00e7\u00e3o criminosa.<\/p>\n<\/div>\n<div class=\"mc-column content-text active-extra-styles \" style=\"text-align: justify;\" data-block-type=\"unstyled\" data-block-weight=\"13\" data-block-id=\"8\">\n<p class=\"content-text__container \" data-track-category=\"Link no Texto\" data-track-links=\"\">Foram realizadas, ao todo, quatro pris\u00f5es e expedidos 15 mandados de buscas domiciliares.<\/p>\n<\/div>\n<div class=\"mc-column content-text active-extra-styles\" style=\"text-align: justify;\" data-block-type=\"raw\" data-block-weight=\"1\" data-block-id=\"9\">\n<div class=\"content-intertitle\">\n<h2>Investiga\u00e7\u00f5es<\/h2>\n<\/div>\n<\/div>\n<div class=\"mc-column content-text active-extra-styles \" style=\"text-align: justify;\" data-block-type=\"unstyled\" data-block-weight=\"32\" data-block-id=\"10\">\n<p class=\"content-text__container \" data-track-category=\"Link no Texto\" data-track-links=\"\">A opera\u00e7\u00e3o foi realizada em tr\u00eas estados, com dilig\u00eancias nas cidades de Dourados (MS),\u00a0<a href=\"https:\/\/g1.globo.com\/ms\/mato-grosso-do-sul\/cidade\/fatima-do-sul\/\">F\u00e1tima do Sul (MS)<\/a>,\u00a0<a href=\"https:\/\/g1.globo.com\/ms\/mato-grosso-do-sul\/cidade\/nova-andradina\/\">Nova Andradina (MS)<\/a>,\u00a0<a href=\"https:\/\/g1.globo.com\/ms\/mato-grosso-do-sul\/cidade\/bataypora\/\">Bataypor\u00e3 (MS)<\/a>,\u00a0<a href=\"https:\/\/g1.globo.com\/ms\/mato-grosso-do-sul\/cidade\/navirai\/\">Navira\u00ed (MS)<\/a>,\u00a0<a href=\"https:\/\/g1.globo.com\/pr\/norte-noroeste\/cidade\/maringa\/\">Maring\u00e1 (PR)<\/a>,\u00a0<a href=\"https:\/\/g1.globo.com\/sp\/santos-regiao\/cidade\/peruibe\/\">Peru\u00edbe (SP)<\/a>\u00a0e\u00a0<a href=\"https:\/\/g1.globo.com\/sp\/sao-paulo\/cidade\/guarulhos\/\">Guarulhos (SP)<\/a>.<\/p>\n<\/div>\n<div class=\"mc-column content-text active-extra-styles \" style=\"text-align: justify;\" data-block-type=\"unstyled\" data-block-weight=\"25\" data-block-id=\"12\">\n<p class=\"content-text__container \" data-track-category=\"Link no Texto\" data-track-links=\"\">Em poder da organiza\u00e7\u00e3o criminosa, foram apreendidos cerca de 200 quilos de coca\u00edna, uma arma de fogo e uma caixa de muni\u00e7\u00f5es de calibre .380.<\/p>\n<\/div>\n<div class=\"mc-column content-text active-extra-styles \" style=\"text-align: justify;\" data-block-type=\"unstyled\" data-block-weight=\"49\" data-block-id=\"13\">\n<p class=\"content-text__container \" data-track-category=\"Link no Texto\" data-track-links=\"\">As investiga\u00e7\u00f5es ainda apontaram que o l\u00edder da organiza\u00e7\u00e3o manteve, no passado, v\u00ednculos com o narcotraficante Jorge Rafaat Toumani, que ganhou o apelido de \u201cRei da Fronteira\u201d, por ter dominado o com\u00e9rcio de drogas na divisa com o Paraguai. Rafatt foi assassinado pelo crime organizado no ano de 2016.<\/p>\n<\/div>\n<div class=\"mc-column content-text active-extra-styles \" style=\"text-align: justify;\" data-block-type=\"unstyled\" data-block-weight=\"24\" data-block-id=\"14\">\n<p class=\"content-text__container \" data-track-category=\"Link no Texto\" data-track-links=\"\">Os trabalhos investigativos foram desenvolvidos por cerca de dois meses, per\u00edodo em que diversas dilig\u00eancias foram desenvolvidas pelos agentes federais e policiais civis paulistas.<\/p>\n<\/div>\n<div class=\"mc-column content-text active-extra-styles\" style=\"text-align: justify;\" data-block-type=\"raw\" data-block-weight=\"14\" data-block-id=\"15\">\n<ul class=\"content-unordered-list\">\n<li><a href=\"https:\/\/g1.globo.com\/sp\/presidente-prudente-regiao\/noticia\/2018\/09\/21\/operacao-pit-stop-desmonta-esquema-de-transporte-de-droga-escondida-em-estepes-de-caminhoes.ghtml\">Opera\u00e7\u00e3o Pit Stop desmonta esquema de transporte de droga escondida em estepes de caminh\u00f5es<\/a><\/li>\n<\/ul>\n<\/div>\n<div class=\"mc-column content-text active-extra-styles \" style=\"text-align: justify;\" data-block-type=\"unstyled\" data-block-weight=\"29\" data-block-id=\"16\">\n<p class=\"content-text__container \" data-track-category=\"Link no Texto\" data-track-links=\"\">Essa organiza\u00e7\u00e3o criminosa tamb\u00e9m manteve v\u00ednculo com um integrante de outra organiza\u00e7\u00e3o, preso no ano de 2018 durante a\u00a0<a href=\"https:\/\/g1.globo.com\/sp\/presidente-prudente-regiao\/noticia\/2018\/09\/21\/operacao-pit-stop-desmonta-esquema-de-transporte-de-droga-escondida-em-estepes-de-caminhoes.ghtml\">Opera\u00e7\u00e3o Pit Stop<\/a>, desencadeada pela Pol\u00edcia Civil de S\u00e3o Paulo.<\/p>\n<\/div>\n<div class=\"mc-column content-text active-extra-styles \" style=\"text-align: justify;\" data-block-type=\"unstyled\" data-block-weight=\"13\" data-block-id=\"17\">\n<p class=\"content-text__container \" data-track-category=\"Link no Texto\" data-track-links=\"\">Esse indiv\u00edduo era o respons\u00e1vel por introduzir drogas il\u00edcitas em estepes de caminh\u00f5es.<\/p>\n<\/div>\n<div class=\"mc-column content-text active-extra-styles \" data-block-type=\"unstyled\" data-block-weight=\"33\" data-block-id=\"18\">\n<p class=\"content-text__container \" style=\"text-align: justify;\" data-track-category=\"Link no Texto\" data-track-links=\"\">De acordo com a pol\u00edcia, estima-se que a organiza\u00e7\u00e3o criminosa atuava havia cerca de seis anos e, durante esse tempo, transportou cerca de 15 toneladas de coca\u00edna, lucrando mais de R$ 3 milh\u00f5es. (segue ap\u00f3s publicidade)<\/p>\n<p data-track-category=\"Link no Texto\" data-track-links=\"\"><img loading=\"lazy\" decoding=\"async\" class=\"alignnone size-full wp-image-7648\" src=\"https:\/\/jorgezanoni.com.br\/2019\/wp-content\/uploads\/2019\/10\/autobrasil.png\" alt=\"\" width=\"300\" height=\"100\" \/><\/p>\n<div class=\"mc-column content-text active-extra-styles\" style=\"text-align: justify;\" data-block-type=\"raw\" data-block-weight=\"2\" data-block-id=\"20\">\n<div class=\"content-intertitle\">\n<h2>O esquema<\/h2>\n<\/div>\n<\/div>\n<div class=\"mc-column content-text active-extra-styles \" style=\"text-align: justify;\" data-block-type=\"unstyled\" data-block-weight=\"41\" data-block-id=\"21\">\n<p class=\"content-text__container \" data-track-category=\"Link no Texto\" data-track-links=\"\">A droga era recebida pela organiza\u00e7\u00e3o e levada at\u00e9 resid\u00eancias de propriedade do l\u00edder criminoso, localizadas nas cidades de F\u00e1tima do Sul e Bataypor\u00e3, em Mato Grosso do Sul, onde era ocultada com tranquilidade no interior das cabines dos caminh\u00f5es.<\/p>\n<\/div>\n<div class=\"mc-column content-text active-extra-styles \" style=\"text-align: justify;\" data-block-type=\"unstyled\" data-block-weight=\"21\" data-block-id=\"23\">\n<p class=\"content-text__container \" data-track-category=\"Link no Texto\" data-track-links=\"\">Em seguida, a droga era transportada at\u00e9 Peru\u00edbe, no litoral paulista, onde era entregue ao traficante respons\u00e1vel pela aquisi\u00e7\u00e3o da coca\u00edna.<\/p>\n<\/div>\n<div class=\"mc-column content-text active-extra-styles\" style=\"text-align: justify;\" data-block-type=\"raw\" data-block-weight=\"2\" data-block-id=\"24\">\n<div class=\"content-intertitle\">\n<h2>Bens bloqueados<\/h2>\n<\/div>\n<\/div>\n<div class=\"mc-column content-text active-extra-styles \" style=\"text-align: justify;\" data-block-type=\"unstyled\" data-block-weight=\"43\" data-block-id=\"25\">\n<p class=\"content-text__container \" data-track-category=\"Link no Texto\" data-track-links=\"\">Ap\u00f3s representa\u00e7\u00e3o da Pol\u00edcia Civil, com parecer favor\u00e1vel do Minist\u00e9rio P\u00fablico, a Justi\u00e7a determinou o sequestro e o bloqueio de dez ve\u00edculos e dois im\u00f3veis. Os bens sequestrados e bloqueados pela Justi\u00e7a foram avaliados em aproximadamente R$ 2 milh\u00f5es, segundo a Pol\u00edcia Civil.<\/p>\n<\/div>\n<div class=\"mc-column content-text active-extra-styles \" style=\"text-align: justify;\" data-block-type=\"unstyled\" data-block-weight=\"31\" data-block-id=\"26\">\n<p class=\"content-text__container \" data-track-category=\"Link no Texto\" data-track-links=\"\">O l\u00edder dessa organiza\u00e7\u00e3o criminosa negou os fatos a ele imputados e se recusou a colaborar com a investiga\u00e7\u00e3o. Ele afirmou \u00e0 pol\u00edcia ser um empres\u00e1rio que apenas exercia atividades l\u00edcitas.<\/p>\n<\/div>\n<div class=\"mc-column content-text active-extra-styles \" style=\"text-align: justify;\" data-block-type=\"unstyled\" data-block-weight=\"31\" data-block-id=\"27\">\n<p class=\"content-text__container \" data-track-category=\"Link no Texto\" data-track-links=\"\">A Pol\u00edcia Civil indiciou os investigados pelos crimes de tr\u00e1fico de drogas interestadual, associa\u00e7\u00e3o para o tr\u00e1fico interestadual, porte ilegal de arma de fogo, posse ilegal de muni\u00e7\u00e3o e falsidade ideol\u00f3gica.<\/p>\n<\/div>\n<div class=\"mc-column content-text active-extra-styles \" style=\"text-align: justify;\" data-block-type=\"unstyled\" data-block-weight=\"21\" data-block-id=\"28\">\n<p class=\"content-text__container \" data-track-category=\"Link no Texto\" data-track-links=\"\">O nome da opera\u00e7\u00e3o \u00e9 uma alus\u00e3o ao imp\u00e9rio indiano que descobriu o a\u00e7\u00facar cristal, carga que os traficantes ultimamente carregavam.<\/p>\n<\/div>\n<div class=\"mc-column content-text active-extra-styles \" data-block-type=\"unstyled\" data-block-weight=\"28\" data-block-id=\"29\">\n<p class=\"content-text__container \" style=\"text-align: justify;\" data-track-category=\"Link no Texto\" data-track-links=\"\">A a\u00e7\u00e3o tamb\u00e9m contou com o apoio da Pol\u00edcia Civil do Estado de Mato Grosso do Sul, atrav\u00e9s das delegacias de Nova Andradina e de F\u00e1tima do Sul.<\/p>\n<p data-track-category=\"Link no Texto\" data-track-links=\"\">Fonte: G1<\/p>\n<\/div>\n<\/div>\n<\/div>\n","protected":false},"excerpt":{"rendered":"<p>A\u00e7\u00e3o conjunta da Pol\u00edcia Civil paulista com a Delegacia da Pol\u00edcia Federal de Dourados (MS) prendeu quatro pessoas. Investiga\u00e7\u00f5es apontam que grupo atuava havia cerca de seis anos. Grupo criminoso utilizava caminh\u00f5es para fazer o transporte da coca\u00edna \u2014 Foto: Pol\u00edcia Civil\/Cedida A Pol\u00edcia Civil, em\u00a0Rosana (SP), concluiu nesta segunda-feira (30) a Opera\u00e7\u00e3o Gupta. A [&hellip;]<\/p>\n","protected":false},"author":1,"featured_media":7647,"comment_status":"closed","ping_status":"open","sticky":false,"template":"","format":"standard","meta":{"footnotes":""},"categories":[110,2],"tags":[],"class_list":["post-7645","post","type-post","status-publish","format-standard","has-post-thumbnail","hentry","category-noticiasdestaque","category-policial"],"_links":{"self":[{"href":"https:\/\/jorgezanoni.com.br\/2019\/wp-json\/wp\/v2\/posts\/7645","targetHints":{"allow":["GET"]}}],"collection":[{"href":"https:\/\/jorgezanoni.com.br\/2019\/wp-json\/wp\/v2\/posts"}],"about":[{"href":"https:\/\/jorgezanoni.com.br\/2019\/wp-json\/wp\/v2\/types\/post"}],"author":[{"embeddable":true,"href":"https:\/\/jorgezanoni.com.br\/2019\/wp-json\/wp\/v2\/users\/1"}],"replies":[{"embeddable":true,"href":"https:\/\/jorgezanoni.com.br\/2019\/wp-json\/wp\/v2\/comments?post=7645"}],"version-history":[{"count":0,"href":"https:\/\/jorgezanoni.com.br\/2019\/wp-json\/wp\/v2\/posts\/7645\/revisions"}],"wp:featuredmedia":[{"embeddable":true,"href":"https:\/\/jorgezanoni.com.br\/2019\/wp-json\/wp\/v2\/media\/7647"}],"wp:attachment":[{"href":"https:\/\/jorgezanoni.com.br\/2019\/wp-json\/wp\/v2\/media?parent=7645"}],"wp:term":[{"taxonomy":"category","embeddable":true,"href":"https:\/\/jorgezanoni.com.br\/2019\/wp-json\/wp\/v2\/categories?post=7645"},{"taxonomy":"post_tag","embeddable":true,"href":"https:\/\/jorgezanoni.com.br\/2019\/wp-json\/wp\/v2\/tags?post=7645"}],"curies":[{"name":"wp","href":"https:\/\/api.w.org\/{rel}","templated":true}]}}