{"id":7641,"date":"2019-10-01T00:52:14","date_gmt":"2019-10-01T00:52:14","guid":{"rendered":"https:\/\/jorgezanoni.com.br\/2019\/?p=7641"},"modified":"2019-10-01T00:52:37","modified_gmt":"2019-10-01T00:52:37","slug":"crianca-de-2-anos-da-emei-lar-infantil-no-jardim-brasilandia-e-diagnosticada-com-meningite","status":"publish","type":"post","link":"https:\/\/jorgezanoni.com.br\/2019\/crianca-de-2-anos-da-emei-lar-infantil-no-jardim-brasilandia-e-diagnosticada-com-meningite\/","title":{"rendered":"Crian\u00e7a de 2 anos da EMEI Lar Infantil no jardim Brasil\u00e2ndia \u00e9 diagnosticada com Meningite"},"content":{"rendered":"<p style=\"text-align: justify;\">COMUNICADO<\/p>\n<p style=\"text-align: justify;\">SECRETARIA DE SA\u00daDE E HIGIENE P\u00daBLICA DE DRACENA<\/p>\n<p style=\"text-align: justify;\">No \u00faltimo s\u00e1bado (28), a Santa Casa de Dracena notificou a Vigil\u00e2ncia Epidemiol\u00f3gica de Dracena, por meio da Secretaria de Sa\u00fade, que uma crian\u00e7a do sexo feminino com dois anos de idade, foi internada na sexta-feira (27) na pediatria da Santa Casa com o diagn\u00f3stico de Meningite.<\/p>\n<div class=\"text_exposed_show\">\n<p style=\"text-align: justify;\">Nesta mesma data, a VE entrou em contato com a Secretaria de Educa\u00e7\u00e3o e com a diretora da EMEI Lar Infantil, comunicando o caso e orientando para que fossem tomadas as medidas de preven\u00e7\u00e3o e controle conforme protocolo do Centro de Vigil\u00e2ncia Epidemiol\u00f3gica (CVE), que s\u00e3o: higieniza\u00e7\u00e3o do ambiente, higieniza\u00e7\u00e3o dos equipamentos, utens\u00edlios, brinquedos, m\u00f3veis, ma\u00e7anetas e objetos, orienta\u00e7\u00e3o aos funcion\u00e1rios e alunos quanto \u00e0 higiene pessoal (lavagem e secagem de m\u00e3os). Higiene na manipula\u00e7\u00e3o e prepara\u00e7\u00e3o de alimentos, orienta\u00e7\u00e3o aos pais p\u00e1ra n\u00e3o enviar crian\u00e7a doente para a EMEI e procurar o servi\u00e7o de sa\u00fade.<\/p>\n<p style=\"text-align: justify;\">A crian\u00e7a encontra-se hospitalizada na Santa Casa de Dracena recebendo tratamento medicamentoso.<\/p>\n<p style=\"text-align: justify;\">O Minist\u00e9rio da Sa\u00fade n\u00e3o orienta o fechamento da unidade escolar do paciente com suspeita ou confirma\u00e7\u00e3o de meningite viral, sendo a recomenda\u00e7\u00e3o a higieniza\u00e7\u00e3o do ambiente.<\/p>\n<p style=\"text-align: justify;\">Fonte: https:\/\/www.facebook.com\/prefeituradracena\/<\/p>\n<p>Imagem Ilustrativa<\/p>\n<\/div>\n","protected":false},"excerpt":{"rendered":"<p>COMUNICADO SECRETARIA DE SA\u00daDE E HIGIENE P\u00daBLICA DE DRACENA No \u00faltimo s\u00e1bado (28), a Santa Casa de Dracena notificou a Vigil\u00e2ncia Epidemiol\u00f3gica de Dracena, por meio da Secretaria de Sa\u00fade, que uma crian\u00e7a do sexo feminino com dois anos de idade, foi internada na sexta-feira (27) na pediatria da Santa Casa com o diagn\u00f3stico de [&hellip;]<\/p>\n","protected":false},"author":1,"featured_media":7642,"comment_status":"closed","ping_status":"open","sticky":false,"template":"","format":"standard","meta":{"footnotes":""},"categories":[110,122],"tags":[],"class_list":["post-7641","post","type-post","status-publish","format-standard","has-post-thumbnail","hentry","category-noticiasdestaque","category-saudeeducacaoeconcurso"],"_links":{"self":[{"href":"https:\/\/jorgezanoni.com.br\/2019\/wp-json\/wp\/v2\/posts\/7641","targetHints":{"allow":["GET"]}}],"collection":[{"href":"https:\/\/jorgezanoni.com.br\/2019\/wp-json\/wp\/v2\/posts"}],"about":[{"href":"https:\/\/jorgezanoni.com.br\/2019\/wp-json\/wp\/v2\/types\/post"}],"author":[{"embeddable":true,"href":"https:\/\/jorgezanoni.com.br\/2019\/wp-json\/wp\/v2\/users\/1"}],"replies":[{"embeddable":true,"href":"https:\/\/jorgezanoni.com.br\/2019\/wp-json\/wp\/v2\/comments?post=7641"}],"version-history":[{"count":0,"href":"https:\/\/jorgezanoni.com.br\/2019\/wp-json\/wp\/v2\/posts\/7641\/revisions"}],"wp:featuredmedia":[{"embeddable":true,"href":"https:\/\/jorgezanoni.com.br\/2019\/wp-json\/wp\/v2\/media\/7642"}],"wp:attachment":[{"href":"https:\/\/jorgezanoni.com.br\/2019\/wp-json\/wp\/v2\/media?parent=7641"}],"wp:term":[{"taxonomy":"category","embeddable":true,"href":"https:\/\/jorgezanoni.com.br\/2019\/wp-json\/wp\/v2\/categories?post=7641"},{"taxonomy":"post_tag","embeddable":true,"href":"https:\/\/jorgezanoni.com.br\/2019\/wp-json\/wp\/v2\/tags?post=7641"}],"curies":[{"name":"wp","href":"https:\/\/api.w.org\/{rel}","templated":true}]}}