{"id":76347,"date":"2023-05-18T23:25:13","date_gmt":"2023-05-18T23:25:13","guid":{"rendered":"https:\/\/jorgezanoni.com.br\/2019\/?p=76347"},"modified":"2023-05-18T23:27:03","modified_gmt":"2023-05-18T23:27:03","slug":"presidente-prudente-tera-em-breve-o-canal-direto-sp-perto","status":"publish","type":"post","link":"https:\/\/jorgezanoni.com.br\/2019\/presidente-prudente-tera-em-breve-o-canal-direto-sp-perto\/","title":{"rendered":"Presidente Prudente ter\u00e1 em breve o &#8220;Canal Direto\/SP + Perto&#8221;"},"content":{"rendered":"<p style=\"text-align: justify;\">A chegada do programa \u201cCanal Direto \u2013 SP + Perto\u201d \u00e0s regi\u00f5es de Bauru, Vale do Ribeira j\u00e1 inauguradas e em funcionamento, S\u00e3o Jos\u00e9 do Rio Preto, Ribeir\u00e3o Preto e Presidente Prudente em constru\u00e7\u00e3o, \u00e9 uma das boas not\u00edcias que o Governo do Estado tem para o interior.<br \/>\nElas ser\u00e3o as primeiras a receber unidades desta iniciativa inovadora, que cria postos regionais de atendimento \u00e0 popula\u00e7\u00e3o, aos gestores p\u00fablicos e empreendedores locais das regi\u00f5es. Todas as 15 regi\u00f5es do estado ser\u00e3o beneficiadas.<br \/>\nO Canal Direto SP+Perto constitui uma das iniciativas mais relevantes para a administra\u00e7\u00e3o p\u00fablica paulista a cargo do Governo do Estado. \u00c9 uma das principais a\u00e7\u00f5es para moderniza\u00e7\u00e3o dos processos e servi\u00e7os prestados \u00e0s autoridades municipais, aos empreendedores e \u00e0 popula\u00e7\u00e3o em geral. ir\u00e1 proporcionar mais agilidade e efici\u00eancia para as Prefeituras em suas demandas e tratativas com o Executivo estadual, com um atendimento moderno, mais humanizado, eficiente e de qualidade.<br \/>\nO Canal Direito SP + Perto, oferecer\u00e1 integra\u00e7\u00e3o regional, com padr\u00e3o de excel\u00eancia para servi\u00e7os p\u00fablicos de v\u00e1rias secretarias e \u00f3rg\u00e3os estaduais. onde resultar\u00e1 ainda em significativa economia ao ano para os cofres p\u00fablicos.<br \/>\nEm Presidente Prudente , o pr\u00e9dio que abrigar\u00e1 a unidade do \u201cCanal Direto SP+Perto\u201d est\u00e1 em obras, com inaugura\u00e7\u00e3o prevista para outubro 2023.<br \/>\nFicar\u00e1 no pr\u00e9dio do DER (Departamento de Estradas e Rodagem), na Rodovia Raposo Tavares, km 562.<br \/>\nAs obras de ampla reforma no pr\u00e9dio tiveram in\u00edcio em junho de 2022. O investimento do Governo do Estado nas obras foi de pouco mais de R$ 20 milh\u00f5es de reais onde abrigar\u00e1 14 Secretarias Estaduais num \u00fanico local.<br \/>\nEm um \u00fanico local ser\u00e3o instalados e integrados diversos \u00f3rg\u00e3os do Estado para facilitar e agilizar os atendimentos \u00e0s 53 prefeituras da 10\u00aa regi\u00e3o Administrativa.<br \/>\nApesar da crise mundial causada pela pandemia, o Governo de SP segue em ritmo avan\u00e7ado para cumprir as metas programadas.<br \/>\nSempre recebemos amigos e colaboradores que junto aos Eng\u00ba Joaquim Dr. Joaquim Jos\u00e9 Bar\u00e3o Perez e do Mestre de Obras Ant\u00f4nio Augusto dos Santos J\u00fanior da empresa Shop Signs , respons\u00e1veis pelas obras em Presidente Prudente,a nova Diretora T\u00e9cnica Dra. Rita Nazareth Sapia Gama Martins, Flavia Barbosa Figueiredo Trindade Diretora T\u00e9cnica do NUCON e Kelly Cristina de Maio Coutinho Diretora ADM, todas da DRADS Sorocabana de Presidente Prudente ( que administram a \u00e1rea social de 32 munic\u00edpios), para uma visita ao futuro Canal Direto SP + Perto, onde ser\u00e3o alocados junto com as outras 13 secretarias estaduais.<br \/>\nSempre gratificante e bem-vindas as visitas de amigas(os), compromissados com servi\u00e7o p\u00fablico estadual, visando melhorar o atendimento e consequentemente a vida das pessoas.<\/p>\n<p><img loading=\"lazy\" decoding=\"async\" class=\"alignnone size-full wp-image-76348\" src=\"https:\/\/jorgezanoni.com.br\/2019\/wp-content\/uploads\/2023\/05\/tortu-Pequeno-1.jpg\" alt=\"\" width=\"520\" height=\"480\" srcset=\"https:\/\/jorgezanoni.com.br\/2019\/wp-content\/uploads\/2023\/05\/tortu-Pequeno-1.jpg 520w, https:\/\/jorgezanoni.com.br\/2019\/wp-content\/uploads\/2023\/05\/tortu-Pequeno-1-300x277.jpg 300w, https:\/\/jorgezanoni.com.br\/2019\/wp-content\/uploads\/2023\/05\/tortu-Pequeno-1-455x420.jpg 455w\" sizes=\"auto, (max-width: 520px) 100vw, 520px\" \/> <img loading=\"lazy\" decoding=\"async\" class=\"alignnone size-full wp-image-76351\" src=\"https:\/\/jorgezanoni.com.br\/2019\/wp-content\/uploads\/2023\/05\/tortu3-Pequeno-1.jpg\" alt=\"\" width=\"480\" height=\"640\" srcset=\"https:\/\/jorgezanoni.com.br\/2019\/wp-content\/uploads\/2023\/05\/tortu3-Pequeno-1.jpg 480w, https:\/\/jorgezanoni.com.br\/2019\/wp-content\/uploads\/2023\/05\/tortu3-Pequeno-1-225x300.jpg 225w, https:\/\/jorgezanoni.com.br\/2019\/wp-content\/uploads\/2023\/05\/tortu3-Pequeno-1-315x420.jpg 315w\" sizes=\"auto, (max-width: 480px) 100vw, 480px\" \/> <img loading=\"lazy\" decoding=\"async\" class=\"alignnone size-full wp-image-76352\" src=\"https:\/\/jorgezanoni.com.br\/2019\/wp-content\/uploads\/2023\/05\/tortu4-Pequeno-1.jpg\" alt=\"\" width=\"480\" height=\"640\" srcset=\"https:\/\/jorgezanoni.com.br\/2019\/wp-content\/uploads\/2023\/05\/tortu4-Pequeno-1.jpg 480w, https:\/\/jorgezanoni.com.br\/2019\/wp-content\/uploads\/2023\/05\/tortu4-Pequeno-1-225x300.jpg 225w, https:\/\/jorgezanoni.com.br\/2019\/wp-content\/uploads\/2023\/05\/tortu4-Pequeno-1-315x420.jpg 315w\" sizes=\"auto, (max-width: 480px) 100vw, 480px\" \/> <img loading=\"lazy\" decoding=\"async\" class=\"alignnone size-full wp-image-76353\" src=\"https:\/\/jorgezanoni.com.br\/2019\/wp-content\/uploads\/2023\/05\/tortu5-Pequeno-1.jpg\" alt=\"\" width=\"854\" height=\"258\" srcset=\"https:\/\/jorgezanoni.com.br\/2019\/wp-content\/uploads\/2023\/05\/tortu5-Pequeno-1.jpg 854w, https:\/\/jorgezanoni.com.br\/2019\/wp-content\/uploads\/2023\/05\/tortu5-Pequeno-1-300x91.jpg 300w, https:\/\/jorgezanoni.com.br\/2019\/wp-content\/uploads\/2023\/05\/tortu5-Pequeno-1-768x232.jpg 768w, https:\/\/jorgezanoni.com.br\/2019\/wp-content\/uploads\/2023\/05\/tortu5-Pequeno-1-696x210.jpg 696w\" sizes=\"auto, (max-width: 854px) 100vw, 854px\" \/><\/p>\n<p style=\"text-align: justify;\">Prof. Francisco Torturello-Diretor do Escrit\u00f3rio da SGRI.<br \/>\nSubsecretaria de Conv\u00eanios com Munic\u00edpios e Entidades n\u00e3o Governamentais.<\/p>\n","protected":false},"excerpt":{"rendered":"<p>A chegada do programa \u201cCanal Direto \u2013 SP + Perto\u201d \u00e0s regi\u00f5es de Bauru, Vale do Ribeira j\u00e1 inauguradas e em funcionamento, S\u00e3o Jos\u00e9 do Rio Preto, Ribeir\u00e3o Preto e Presidente Prudente em constru\u00e7\u00e3o, \u00e9 uma das boas not\u00edcias que o Governo do Estado tem para o interior. Elas ser\u00e3o as primeiras a receber unidades [&hellip;]<\/p>\n","protected":false},"author":1,"featured_media":76350,"comment_status":"closed","ping_status":"open","sticky":false,"template":"","format":"standard","meta":{"footnotes":""},"categories":[110,116],"tags":[],"class_list":["post-76347","post","type-post","status-publish","format-standard","has-post-thumbnail","hentry","category-noticiasdestaque","category-politicaeeconomia"],"_links":{"self":[{"href":"https:\/\/jorgezanoni.com.br\/2019\/wp-json\/wp\/v2\/posts\/76347","targetHints":{"allow":["GET"]}}],"collection":[{"href":"https:\/\/jorgezanoni.com.br\/2019\/wp-json\/wp\/v2\/posts"}],"about":[{"href":"https:\/\/jorgezanoni.com.br\/2019\/wp-json\/wp\/v2\/types\/post"}],"author":[{"embeddable":true,"href":"https:\/\/jorgezanoni.com.br\/2019\/wp-json\/wp\/v2\/users\/1"}],"replies":[{"embeddable":true,"href":"https:\/\/jorgezanoni.com.br\/2019\/wp-json\/wp\/v2\/comments?post=76347"}],"version-history":[{"count":1,"href":"https:\/\/jorgezanoni.com.br\/2019\/wp-json\/wp\/v2\/posts\/76347\/revisions"}],"predecessor-version":[{"id":76354,"href":"https:\/\/jorgezanoni.com.br\/2019\/wp-json\/wp\/v2\/posts\/76347\/revisions\/76354"}],"wp:featuredmedia":[{"embeddable":true,"href":"https:\/\/jorgezanoni.com.br\/2019\/wp-json\/wp\/v2\/media\/76350"}],"wp:attachment":[{"href":"https:\/\/jorgezanoni.com.br\/2019\/wp-json\/wp\/v2\/media?parent=76347"}],"wp:term":[{"taxonomy":"category","embeddable":true,"href":"https:\/\/jorgezanoni.com.br\/2019\/wp-json\/wp\/v2\/categories?post=76347"},{"taxonomy":"post_tag","embeddable":true,"href":"https:\/\/jorgezanoni.com.br\/2019\/wp-json\/wp\/v2\/tags?post=76347"}],"curies":[{"name":"wp","href":"https:\/\/api.w.org\/{rel}","templated":true}]}}