{"id":76343,"date":"2023-05-18T22:34:36","date_gmt":"2023-05-18T22:34:36","guid":{"rendered":"https:\/\/jorgezanoni.com.br\/2019\/?p=76343"},"modified":"2023-05-18T22:34:36","modified_gmt":"2023-05-18T22:34:36","slug":"transtorno-afetivo-sintomas-causas-e-tratamentos-por-cidinha-pascoaloto","status":"publish","type":"post","link":"https:\/\/jorgezanoni.com.br\/2019\/transtorno-afetivo-sintomas-causas-e-tratamentos-por-cidinha-pascoaloto\/","title":{"rendered":"Transtorno Afetivo: sintomas, causas e tratamentos  (por Cidinha Pascoaloto)"},"content":{"rendered":"<p style=\"text-align: justify;\">\u00a0O transtorno afetivo, \u00e9 uma doen\u00e7a que afeta as fun\u00e7\u00f5es mentais e pode fazer com que o paciente n\u00e3o consiga diferenciar a realidade das fantasias. \u00c9 caracterizada por oscila\u00e7\u00f5es extremas e imprevis\u00edveis no humor.<\/p>\n<p style=\"text-align: justify;\">O transtorno afetivo afeta igualmente homens e mulheres entre 20 e 40, mas tamb\u00e9m pode acontecer em mais jovens.<\/p>\n<p style=\"text-align: justify;\">\u00a0As causas ainda n\u00e3o s\u00e3o totalmente compreendidas. No entanto, acredita-se que uma combina\u00e7\u00e3o de fatores gen\u00e9ticos, qu\u00edmicos e ambientais desempenham um papel importante no desenvolvimento da doen\u00e7a.<\/p>\n<p style=\"text-align: justify;\">\u00a0Os sintomas podem n\u00e3o ser percebidos no est\u00e1gio inicial, como mudan\u00e7as de humor, confus\u00e3o mental e dificuldade em lembrar algo.<\/p>\n<p style=\"text-align: justify;\">O transtorno afetivo \u00e9 caracterizado por epis\u00f3dios de mania e depress\u00e3o, que podem variar em intensidade e dura\u00e7\u00e3o. O transtorno afetivo pode surgir com o abuso de drogas, \u00e1lcool, les\u00e3o cerebral, tumores no c\u00e9rebro ou estresse muito elevado. Mas a psicose afetiva pode ocorrer independentemente de fatores externos. sintomas podem variar entre os epis\u00f3dios de mania e depress\u00e3o. Durante as crises de mania, os indiv\u00edduos podem experimentar um aumento acentuado na energia, irritabilidade, euforia, hiperatividade, pensamentos acelerados e um senso grandioso de si mesmos. \u00a0Se a crise for depressiva o paciente pode tamb\u00e9m sentir tristeza profunda, perda de interesse nas atividades cotidianas, fadiga, altera\u00e7\u00f5es no apetite, dificuldade de concentra\u00e7\u00e3o, sentimento de culpa e at\u00e9 mesmo idea\u00e7\u00e3o suicida. os sintomas variam de pessoa para pessoa, e mudam com o tempo.<\/p>\n<p style=\"text-align: justify;\">\u00a0O tratamento requer acompanhamento m\u00e9dico, terapias comportamentais e mudan\u00e7as no estilo de vida. Em alguns casos \u00e9 preciso de interna\u00e7\u00e3o.<\/p>\n<p style=\"text-align: justify;\">Se n\u00e3o tratado o problema pode se agravar e o paciente pode ter pensamentos suicidas. A psicose Afetiva pode ser controlada e a pessoa pode levar uma vida est\u00e1vel. \u00c9 uma condi\u00e7\u00e3o psiqui\u00e1trica e requer tratamento cont\u00ednuo e pode durar uma vida toda. O tempo de recupera\u00e7\u00e3o varia de pessoa para pessoa.<\/p>\n<p><img loading=\"lazy\" decoding=\"async\" class=\"alignnone size-full wp-image-76344\" src=\"https:\/\/jorgezanoni.com.br\/2019\/wp-content\/uploads\/2023\/05\/Cidinha-Pascoaloto-2.jpg\" alt=\"\" width=\"500\" height=\"755\" srcset=\"https:\/\/jorgezanoni.com.br\/2019\/wp-content\/uploads\/2023\/05\/Cidinha-Pascoaloto-2.jpg 500w, https:\/\/jorgezanoni.com.br\/2019\/wp-content\/uploads\/2023\/05\/Cidinha-Pascoaloto-2-199x300.jpg 199w, https:\/\/jorgezanoni.com.br\/2019\/wp-content\/uploads\/2023\/05\/Cidinha-Pascoaloto-2-278x420.jpg 278w\" sizes=\"auto, (max-width: 500px) 100vw, 500px\" \/>Cidinha Pascoaloto-Psic\u00f3loga-CRP 06\/158174. Presencial e online, contato: (18) 99725-6418<\/p>\n<p style=\"text-align: justify;\">\n<p style=\"text-align: justify;\">\n<p style=\"text-align: justify;\">\n<p style=\"text-align: justify;\">\n","protected":false},"excerpt":{"rendered":"<p>\u00a0O transtorno afetivo, \u00e9 uma doen\u00e7a que afeta as fun\u00e7\u00f5es mentais e pode fazer com que o paciente n\u00e3o consiga diferenciar a realidade das fantasias. \u00c9 caracterizada por oscila\u00e7\u00f5es extremas e imprevis\u00edveis no humor. O transtorno afetivo afeta igualmente homens e mulheres entre 20 e 40, mas tamb\u00e9m pode acontecer em mais jovens. \u00a0As causas [&hellip;]<\/p>\n","protected":false},"author":1,"featured_media":76345,"comment_status":"closed","ping_status":"open","sticky":false,"template":"","format":"standard","meta":{"footnotes":""},"categories":[175],"tags":[],"class_list":["post-76343","post","type-post","status-publish","format-standard","has-post-thumbnail","hentry","category-artigos"],"_links":{"self":[{"href":"https:\/\/jorgezanoni.com.br\/2019\/wp-json\/wp\/v2\/posts\/76343","targetHints":{"allow":["GET"]}}],"collection":[{"href":"https:\/\/jorgezanoni.com.br\/2019\/wp-json\/wp\/v2\/posts"}],"about":[{"href":"https:\/\/jorgezanoni.com.br\/2019\/wp-json\/wp\/v2\/types\/post"}],"author":[{"embeddable":true,"href":"https:\/\/jorgezanoni.com.br\/2019\/wp-json\/wp\/v2\/users\/1"}],"replies":[{"embeddable":true,"href":"https:\/\/jorgezanoni.com.br\/2019\/wp-json\/wp\/v2\/comments?post=76343"}],"version-history":[{"count":1,"href":"https:\/\/jorgezanoni.com.br\/2019\/wp-json\/wp\/v2\/posts\/76343\/revisions"}],"predecessor-version":[{"id":76346,"href":"https:\/\/jorgezanoni.com.br\/2019\/wp-json\/wp\/v2\/posts\/76343\/revisions\/76346"}],"wp:featuredmedia":[{"embeddable":true,"href":"https:\/\/jorgezanoni.com.br\/2019\/wp-json\/wp\/v2\/media\/76345"}],"wp:attachment":[{"href":"https:\/\/jorgezanoni.com.br\/2019\/wp-json\/wp\/v2\/media?parent=76343"}],"wp:term":[{"taxonomy":"category","embeddable":true,"href":"https:\/\/jorgezanoni.com.br\/2019\/wp-json\/wp\/v2\/categories?post=76343"},{"taxonomy":"post_tag","embeddable":true,"href":"https:\/\/jorgezanoni.com.br\/2019\/wp-json\/wp\/v2\/tags?post=76343"}],"curies":[{"name":"wp","href":"https:\/\/api.w.org\/{rel}","templated":true}]}}