{"id":76311,"date":"2023-05-18T00:36:07","date_gmt":"2023-05-18T00:36:07","guid":{"rendered":"https:\/\/jorgezanoni.com.br\/2019\/?p=76311"},"modified":"2023-05-18T00:36:07","modified_gmt":"2023-05-18T00:36:07","slug":"vem-ai-o-5-concurso-de-qualidade-do-cafe-arabica-da-regiao-da-nova-alta-nova-paulista","status":"publish","type":"post","link":"https:\/\/jorgezanoni.com.br\/2019\/vem-ai-o-5-concurso-de-qualidade-do-cafe-arabica-da-regiao-da-nova-alta-nova-paulista\/","title":{"rendered":"Vem a\u00ed o 5\u00b0 Concurso de Qualidade do Caf\u00e9 Ar\u00e1bica da  Regi\u00e3o da Nova Alta Nova Paulista"},"content":{"rendered":"<p>A 5\u00aa edi\u00e7\u00e3o do Concurso de Qualidade do Caf\u00e9 Ar\u00e1bica da Nova Alta Paulista,<br \/>\nvai acontecer neste ano. A iniciativa \u00e9 da APRUP &#8211; Associa\u00e7\u00e3o dos Produtores<br \/>\nRurais de Pacaembu e Regi\u00e3o, em conjunto com a COAMP \u2013 Cooperativa<br \/>\nAgr\u00edcola Mista de Pacaembu e conta com o apoio do Sebrae-SP., da Prefeitura<br \/>\nMunicipal de Pacaembu, da CATI, da CAMDA, do SENAR e da AMNAP.<br \/>\nTem como objetivo, divulgar a boa qualidade dos caf\u00e9s produzidos em nossa<br \/>\nregi\u00e3o, incentivando os cafeicultores a produzirem um caf\u00e9 diferenciado, por<br \/>\nmeio de pr\u00e1ticas sustent\u00e1veis.<br \/>\nO evento acontecer\u00e1 no dia 28 DE SETEMBRO DE 2023, e fara parte do<br \/>\nconjunto de a\u00e7\u00f5es previstas no projeto de I.G. &#8211; Indica\u00e7\u00e3o Geogr\u00e1fica do Caf\u00e9<br \/>\nAr\u00e1bica da Nova Alta Paulista, que vem sendo conduzido pela APRUP, em<br \/>\nparceria com o SEBRAE e o INSTITUTO FEDERAL.<br \/>\nConvidamos todos os cafeicultores de nossa regi\u00e3o a participarem desse<br \/>\nimportante evento, apresentando amostras de seus caf\u00e9s para serem<br \/>\navaliados.<br \/>\nInforma\u00e7\u00f5es poder\u00e3o ser obtidas na APRUP, pelo telefone (18) 3862-3300 ou<br \/>\npelo Celular (18) 99767-1817, ou ainda, na Casa da Agricultura do seu<br \/>\nmunic\u00edpio e nas Secretarias Municipais de Agricultura.<\/p>\n<p>ASSOCIA\u00c7\u00c3O DOS PRODUTORES RURAIS DE PACAEMBU E REGI\u00c3O<\/p>\n","protected":false},"excerpt":{"rendered":"<p>A 5\u00aa edi\u00e7\u00e3o do Concurso de Qualidade do Caf\u00e9 Ar\u00e1bica da Nova Alta Paulista, vai acontecer neste ano. A iniciativa \u00e9 da APRUP &#8211; Associa\u00e7\u00e3o dos Produtores Rurais de Pacaembu e Regi\u00e3o, em conjunto com a COAMP \u2013 Cooperativa Agr\u00edcola Mista de Pacaembu e conta com o apoio do Sebrae-SP., da Prefeitura Municipal de Pacaembu, [&hellip;]<\/p>\n","protected":false},"author":1,"featured_media":76312,"comment_status":"closed","ping_status":"open","sticky":false,"template":"","format":"standard","meta":{"footnotes":""},"categories":[176,110],"tags":[],"class_list":["post-76311","post","type-post","status-publish","format-standard","has-post-thumbnail","hentry","category-meioambienteeagricultura","category-noticiasdestaque"],"_links":{"self":[{"href":"https:\/\/jorgezanoni.com.br\/2019\/wp-json\/wp\/v2\/posts\/76311","targetHints":{"allow":["GET"]}}],"collection":[{"href":"https:\/\/jorgezanoni.com.br\/2019\/wp-json\/wp\/v2\/posts"}],"about":[{"href":"https:\/\/jorgezanoni.com.br\/2019\/wp-json\/wp\/v2\/types\/post"}],"author":[{"embeddable":true,"href":"https:\/\/jorgezanoni.com.br\/2019\/wp-json\/wp\/v2\/users\/1"}],"replies":[{"embeddable":true,"href":"https:\/\/jorgezanoni.com.br\/2019\/wp-json\/wp\/v2\/comments?post=76311"}],"version-history":[{"count":1,"href":"https:\/\/jorgezanoni.com.br\/2019\/wp-json\/wp\/v2\/posts\/76311\/revisions"}],"predecessor-version":[{"id":76313,"href":"https:\/\/jorgezanoni.com.br\/2019\/wp-json\/wp\/v2\/posts\/76311\/revisions\/76313"}],"wp:featuredmedia":[{"embeddable":true,"href":"https:\/\/jorgezanoni.com.br\/2019\/wp-json\/wp\/v2\/media\/76312"}],"wp:attachment":[{"href":"https:\/\/jorgezanoni.com.br\/2019\/wp-json\/wp\/v2\/media?parent=76311"}],"wp:term":[{"taxonomy":"category","embeddable":true,"href":"https:\/\/jorgezanoni.com.br\/2019\/wp-json\/wp\/v2\/categories?post=76311"},{"taxonomy":"post_tag","embeddable":true,"href":"https:\/\/jorgezanoni.com.br\/2019\/wp-json\/wp\/v2\/tags?post=76311"}],"curies":[{"name":"wp","href":"https:\/\/api.w.org\/{rel}","templated":true}]}}