{"id":7630,"date":"2019-09-30T22:24:18","date_gmt":"2019-09-30T22:24:18","guid":{"rendered":"https:\/\/jorgezanoni.com.br\/2019\/?p=7630"},"modified":"2019-09-30T22:25:40","modified_gmt":"2019-09-30T22:25:40","slug":"7630","status":"publish","type":"post","link":"https:\/\/jorgezanoni.com.br\/2019\/7630\/","title":{"rendered":"1\u00ba Semin\u00e1rio de Empreendedorismo e Renda aconteceu hoje no Pal\u00e1cio dos Bandeirantes"},"content":{"rendered":"<p style=\"text-align: justify;\">Hoje (30\/9) pela manh\u00e3, no Pal\u00e1cio dos Bandeirantes, em S\u00e3o Paulo aconteceu o 1\u00b0 Semin\u00e1rio de Empreendedorismo e Renda, onde o Governador Jo\u00e3o Doria e o Secret\u00e1rio do Desenvolvimento Regional Marco Vinholi, anunciou R$ 220 milh\u00f5es em conv\u00eanios, autoriza\u00e7\u00f5es e investimentos na gera\u00e7\u00e3o de emprego e renda para munic\u00edpios paulistas.<\/p>\n<p><img loading=\"lazy\" decoding=\"async\" class=\"alignnone size-full wp-image-7631\" src=\"https:\/\/jorgezanoni.com.br\/2019\/wp-content\/uploads\/2019\/09\/doria-1.jpg\" alt=\"\" width=\"1280\" height=\"720\" srcset=\"https:\/\/jorgezanoni.com.br\/2019\/wp-content\/uploads\/2019\/09\/doria-1.jpg 1280w, https:\/\/jorgezanoni.com.br\/2019\/wp-content\/uploads\/2019\/09\/doria-1-300x169.jpg 300w, https:\/\/jorgezanoni.com.br\/2019\/wp-content\/uploads\/2019\/09\/doria-1-768x432.jpg 768w, https:\/\/jorgezanoni.com.br\/2019\/wp-content\/uploads\/2019\/09\/doria-1-1024x576.jpg 1024w, https:\/\/jorgezanoni.com.br\/2019\/wp-content\/uploads\/2019\/09\/doria-1-696x392.jpg 696w, https:\/\/jorgezanoni.com.br\/2019\/wp-content\/uploads\/2019\/09\/doria-1-1068x601.jpg 1068w, https:\/\/jorgezanoni.com.br\/2019\/wp-content\/uploads\/2019\/09\/doria-1-747x420.jpg 747w\" sizes=\"auto, (max-width: 1280px) 100vw, 1280px\" \/><\/p>\n<p style=\"text-align: justify;\">Al\u00e9m de importantes a\u00e7\u00f5es sobre o tema Trabalho e Renda, Empreendedorismo e Parcerias, o evento que reuniu mais de 300 prefeitos no Pal\u00e1cio dos Bandeirantes, ainda liberou cr\u00e9dito e recursos para infraestrutura dos munic\u00edpios paulistas.<\/p>\n<p style=\"text-align: justify;\">Dirigido a prefeitos e agentes p\u00fablicos municipais, o 1\u00b0 Semin\u00e1rio de Trabalho e Renda, Empreendedorismo e Parcerias, realizado nesta manh\u00e3, no Pal\u00e1cio dos Bandeirantes, abordou t\u00f3picos de interesse das Prefeituras municipais, como efici\u00eancia fiscal, concess\u00f5es, parcerias, simplifica\u00e7\u00e3o tribut\u00e1ria, financiamento p\u00fablico, agroneg\u00f3cio, qualifica\u00e7\u00e3o profissional, entre outros. \u201cA locomotiva do Pa\u00eds e as aspira\u00e7\u00f5es por emprego e renda em SP\u201d foi o tema da palestra de abertura do governador \u201cJo\u00e3o Doria\u201d.<\/p>\n<p><img loading=\"lazy\" decoding=\"async\" class=\"alignnone size-full wp-image-7632\" src=\"https:\/\/jorgezanoni.com.br\/2019\/wp-content\/uploads\/2019\/09\/Doria2.jpg\" alt=\"\" width=\"1280\" height=\"720\" srcset=\"https:\/\/jorgezanoni.com.br\/2019\/wp-content\/uploads\/2019\/09\/Doria2.jpg 1280w, https:\/\/jorgezanoni.com.br\/2019\/wp-content\/uploads\/2019\/09\/Doria2-300x169.jpg 300w, https:\/\/jorgezanoni.com.br\/2019\/wp-content\/uploads\/2019\/09\/Doria2-768x432.jpg 768w, https:\/\/jorgezanoni.com.br\/2019\/wp-content\/uploads\/2019\/09\/Doria2-1024x576.jpg 1024w, https:\/\/jorgezanoni.com.br\/2019\/wp-content\/uploads\/2019\/09\/Doria2-696x392.jpg 696w, https:\/\/jorgezanoni.com.br\/2019\/wp-content\/uploads\/2019\/09\/Doria2-1068x601.jpg 1068w, https:\/\/jorgezanoni.com.br\/2019\/wp-content\/uploads\/2019\/09\/Doria2-747x420.jpg 747w\" sizes=\"auto, (max-width: 1280px) 100vw, 1280px\" \/><\/p>\n<p style=\"text-align: justify;\">O objetivo do evento foi informar e esclarecer os dirigentes municipais sobre as iniciativas do Governo do Estado em benef\u00edcio das gest\u00f5es locais. Secret\u00e1rios estaduais participaram com palestras e esclarecimentos, entre eles Marco Vinholi de Desenvolvimento Regional, Henrique Meirelles da Fazenda e Planejamento, Patricia Ellen de Desenvolvimento Econ\u00f4mico, Gustavo Junqueira da Agricultura e Abastecimento, Marcos Penido de Infraestrutura e Meio Ambiente e Rodrigo Garcia, Secret\u00e1rio de Governo e Vice-Governador, al\u00e9m de Wilson Poit, Diretor Superintendente do SEBRAE-SP, Nelson de Souza, Presidente da DesenvolveSP e Walter Ihoshi, Presidente JUCESP.<\/p>\n<p style=\"text-align: justify;\">Tendo como prop\u00f3sito fomentar o desenvolvimento e contribuir para a infraestrutura de 57 munic\u00edpios, apoiando assim a gera\u00e7\u00e3o de mais emprego e renda, aprimorando a qualidade de vida da popula\u00e7\u00e3o, a Secretaria de Desenvolvimento Regional assinou conv\u00eanios e autoriza\u00e7\u00f5es no valor de cerca de R$ 18 milh\u00f5es. Os conv\u00eanios contemplaram reforma de UBS, de escola municipal, centro de lazer e da juventude, gin\u00e1sio de esportes, ilumina\u00e7\u00e3o p\u00fablica e infraestrutura urbana em geral.<\/p>\n<p><img loading=\"lazy\" decoding=\"async\" class=\"alignnone size-full wp-image-7633\" src=\"https:\/\/jorgezanoni.com.br\/2019\/wp-content\/uploads\/2019\/09\/doria3-1.jpg\" alt=\"\" width=\"1280\" height=\"960\" srcset=\"https:\/\/jorgezanoni.com.br\/2019\/wp-content\/uploads\/2019\/09\/doria3-1.jpg 1280w, https:\/\/jorgezanoni.com.br\/2019\/wp-content\/uploads\/2019\/09\/doria3-1-300x225.jpg 300w, https:\/\/jorgezanoni.com.br\/2019\/wp-content\/uploads\/2019\/09\/doria3-1-768x576.jpg 768w, https:\/\/jorgezanoni.com.br\/2019\/wp-content\/uploads\/2019\/09\/doria3-1-1024x768.jpg 1024w, https:\/\/jorgezanoni.com.br\/2019\/wp-content\/uploads\/2019\/09\/doria3-1-80x60.jpg 80w, https:\/\/jorgezanoni.com.br\/2019\/wp-content\/uploads\/2019\/09\/doria3-1-265x198.jpg 265w, https:\/\/jorgezanoni.com.br\/2019\/wp-content\/uploads\/2019\/09\/doria3-1-696x522.jpg 696w, https:\/\/jorgezanoni.com.br\/2019\/wp-content\/uploads\/2019\/09\/doria3-1-1068x801.jpg 1068w, https:\/\/jorgezanoni.com.br\/2019\/wp-content\/uploads\/2019\/09\/doria3-1-560x420.jpg 560w\" sizes=\"auto, (max-width: 1280px) 100vw, 1280px\" \/><\/p>\n<p style=\"text-align: justify;\">\u201cEsse encontro \u00e9 importante para a troca de informa\u00e7\u00f5es e reafirmarmos parceria com as 645 cidades paulistas, tratando de emprego e renda. Temos uma vis\u00e3o municipalista e governando para todos os brasileiros de S\u00e3o Paulo, ainda liberamos recursos importantes para a infraestrutura dos munic\u00edpios\u201d, comentou Marco Vinholi, Secret\u00e1rio de Desenvolvimento Regional.<\/p>\n<p style=\"text-align: justify;\">A Secretaria de Infraestrutura e Meio Ambiente firmou conv\u00eanios com 243 munic\u00edpios, para revis\u00e3o de planos municipais de saneamento, com o objetivo de melhorar a presta\u00e7\u00e3o do servi\u00e7o de saneamento na ordem de R$ 9,3 milh\u00f5es. Os recursos da ARSESP s\u00e3o oriundos da arrecada\u00e7\u00e3o da Taxa de Regula\u00e7\u00e3o, Controle e Fiscaliza\u00e7\u00e3o. O Cronograma de a\u00e7\u00f5es est\u00e1 dividido em tr\u00eas blocos. O 1\u00ba Bloco contempla 64 munic\u00edpios em 7 Regi\u00f5es Administrativas, 2\u00ba Bloco para 84 munic\u00edpios em 10 Regi\u00f5es Administrativas e 3\u00ba Bloco com 95 munic\u00edpios em 7 Regi\u00f5es Administrativas.<\/p>\n<p><img loading=\"lazy\" decoding=\"async\" class=\"alignnone size-full wp-image-7634\" src=\"https:\/\/jorgezanoni.com.br\/2019\/wp-content\/uploads\/2019\/09\/doria4.jpg\" alt=\"\" width=\"1280\" height=\"960\" srcset=\"https:\/\/jorgezanoni.com.br\/2019\/wp-content\/uploads\/2019\/09\/doria4.jpg 1280w, https:\/\/jorgezanoni.com.br\/2019\/wp-content\/uploads\/2019\/09\/doria4-300x225.jpg 300w, https:\/\/jorgezanoni.com.br\/2019\/wp-content\/uploads\/2019\/09\/doria4-768x576.jpg 768w, https:\/\/jorgezanoni.com.br\/2019\/wp-content\/uploads\/2019\/09\/doria4-1024x768.jpg 1024w, https:\/\/jorgezanoni.com.br\/2019\/wp-content\/uploads\/2019\/09\/doria4-80x60.jpg 80w, https:\/\/jorgezanoni.com.br\/2019\/wp-content\/uploads\/2019\/09\/doria4-265x198.jpg 265w, https:\/\/jorgezanoni.com.br\/2019\/wp-content\/uploads\/2019\/09\/doria4-696x522.jpg 696w, https:\/\/jorgezanoni.com.br\/2019\/wp-content\/uploads\/2019\/09\/doria4-1068x801.jpg 1068w, https:\/\/jorgezanoni.com.br\/2019\/wp-content\/uploads\/2019\/09\/doria4-560x420.jpg 560w\" sizes=\"auto, (max-width: 1280px) 100vw, 1280px\" \/><\/p>\n<p style=\"text-align: justify;\">J\u00e1 a Desenvolve SP, institui\u00e7\u00e3o financeira do Governo do Estado, anunciou financiamentos para projetos de infraestrutura em munic\u00edpios S\u00e3o Paulo e concedeu autoriza\u00e7\u00f5es para cr\u00e9ditos a prefeituras no valor total de R$ 23 milh\u00f5es. S\u00e3o projetos de infraestrutura em 17 munic\u00edpios, sendo assinatura de cinco contratos somando um valor total de R$ 7,5 milh\u00f5es. Al\u00e9m disso, foi autorizado o prosseguimento de 12 pedidos de financiamentos. Entre os financiamentos autorizados est\u00e3o projetos que visam \u00e0 compra de ve\u00edculos, implanta\u00e7\u00e3o sistema de georreferenciamento, urbaniza\u00e7\u00e3o de vias entre outros. O valor de cr\u00e9dito financiado para as prefeituras dever\u00e1 ultrapassar os R$ 15 milh\u00f5es.<\/p>\n<p style=\"text-align: justify;\">O SEBRAE tamb\u00e9m lan\u00e7ou Fundo de R$ 50 Milh\u00f5es para microcr\u00e9dito e investimento em qualifica\u00e7\u00e3o t\u00e9cnica. O Banco do Povo promoveu amplia\u00e7\u00e3o de agentes de microcr\u00e9dito e regulariza\u00e7\u00e3o de munic\u00edpios. A Junta Comercial (JUCESP) tamb\u00e9m promoveu assinatura de conv\u00eanios com munic\u00edpios.<\/p>\n<p><img loading=\"lazy\" decoding=\"async\" class=\"alignnone size-full wp-image-7635\" src=\"https:\/\/jorgezanoni.com.br\/2019\/wp-content\/uploads\/2019\/09\/doria5.jpg\" alt=\"\" width=\"1280\" height=\"960\" srcset=\"https:\/\/jorgezanoni.com.br\/2019\/wp-content\/uploads\/2019\/09\/doria5.jpg 1280w, https:\/\/jorgezanoni.com.br\/2019\/wp-content\/uploads\/2019\/09\/doria5-300x225.jpg 300w, https:\/\/jorgezanoni.com.br\/2019\/wp-content\/uploads\/2019\/09\/doria5-768x576.jpg 768w, https:\/\/jorgezanoni.com.br\/2019\/wp-content\/uploads\/2019\/09\/doria5-1024x768.jpg 1024w, https:\/\/jorgezanoni.com.br\/2019\/wp-content\/uploads\/2019\/09\/doria5-80x60.jpg 80w, https:\/\/jorgezanoni.com.br\/2019\/wp-content\/uploads\/2019\/09\/doria5-265x198.jpg 265w, https:\/\/jorgezanoni.com.br\/2019\/wp-content\/uploads\/2019\/09\/doria5-696x522.jpg 696w, https:\/\/jorgezanoni.com.br\/2019\/wp-content\/uploads\/2019\/09\/doria5-1068x801.jpg 1068w, https:\/\/jorgezanoni.com.br\/2019\/wp-content\/uploads\/2019\/09\/doria5-560x420.jpg 560w\" sizes=\"auto, (max-width: 1280px) 100vw, 1280px\" \/><\/p>\n<p style=\"text-align: justify;\">Ap\u00f3s a apresenta\u00e7\u00e3o inicial do governador Doria, o secret\u00e1rio de Desenvolvimento Regional, Marco Vinholi, falou sobre os programas pela empregabilidade e desenvolvimento econ\u00f4mico, e a secret\u00e1ria de Desenvolvimento Econ\u00f4mico, Patricia Ellen, fez um balan\u00e7o das iniciativas de desenvolvimento econ\u00f4mico, investimentos e empreendedorismo lan\u00e7ados pelo Governo do Estado. Somando os programas Novotec (40 mil vagas), Via R\u00e1pida (26,5 mil vagas), SP Criativo (6,5 mil vagas), Cidad\u00e3o Trabalhador (11,3 mil vagas), Trabalho Inclusivo (17 mil vagas), Banco do Povo e Ind\u00fastria 4.0 os investimentos anunciados somam mais de R$ 167 milh\u00f5es.<\/p>\n<p style=\"text-align: justify;\">O secret\u00e1rio de Fazenda e Planejamento, Henrique Meirelles, abordou o tema da \u201cSimplifica\u00e7\u00e3o Tribut\u00e1ria e Efici\u00eancia Fiscal\u201d. O secret\u00e1rio de Agricultura e Abastecimento, Gustavo Junqueira, falou sobre o agroneg\u00f3cio paulista. Marcos Penido, secret\u00e1rio de Infraestrutura e Meio Ambiente, fez exposi\u00e7\u00e3o sobre concess\u00f5es e apoio aos munic\u00edpios.<\/p>\n<p><img loading=\"lazy\" decoding=\"async\" class=\"alignnone size-full wp-image-7636\" src=\"https:\/\/jorgezanoni.com.br\/2019\/wp-content\/uploads\/2019\/09\/doria6-2.jpg\" alt=\"\" width=\"710\" height=\"771\" srcset=\"https:\/\/jorgezanoni.com.br\/2019\/wp-content\/uploads\/2019\/09\/doria6-2.jpg 710w, https:\/\/jorgezanoni.com.br\/2019\/wp-content\/uploads\/2019\/09\/doria6-2-276x300.jpg 276w, https:\/\/jorgezanoni.com.br\/2019\/wp-content\/uploads\/2019\/09\/doria6-2-696x756.jpg 696w, https:\/\/jorgezanoni.com.br\/2019\/wp-content\/uploads\/2019\/09\/doria6-2-387x420.jpg 387w\" sizes=\"auto, (max-width: 710px) 100vw, 710px\" \/><\/p>\n<p style=\"text-align: justify;\">Nelson de Souza, presidente da DesenvolveSP, falou sobre a Amplia\u00e7\u00e3o da linha de cr\u00e9dito para MPMEs e novas linhas em inova\u00e7\u00e3o. Wilson Poit, do SEBRAE-SP, abordou o tema do empreendedorismo e das compras p\u00fablicas, al\u00e9m de anunciar o lan\u00e7amento do fundo de R$ 50 Milh\u00f5es para microcr\u00e9dito e qualifica\u00e7\u00e3o t\u00e9cnica. Walter Ihoshi, da JUCESP, fez palestra sobre o programa de desburocratiza\u00e7\u00e3o. Jefferson Gomes, presidente do IPT, palestrou sobre fomento da inova\u00e7\u00e3o e ades\u00e3o de tecnologia em startup, PME e grandes empresas.<\/p>\n<p style=\"text-align: justify;\">O encerramento do 1\u00ba Semin\u00e1rio de Trabalho e Renda, Empreendedorismo e Parcerias ficou a cargo do secret\u00e1rio de Governo e Vice-Governador de S\u00e3o Paulo, Rodrigo Garcia.<\/p>\n<p>Fonte: Assessoria de Imprensa<\/p>\n","protected":false},"excerpt":{"rendered":"<p>Hoje (30\/9) pela manh\u00e3, no Pal\u00e1cio dos Bandeirantes, em S\u00e3o Paulo aconteceu o 1\u00b0 Semin\u00e1rio de Empreendedorismo e Renda, onde o Governador Jo\u00e3o Doria e o Secret\u00e1rio do Desenvolvimento Regional Marco Vinholi, anunciou R$ 220 milh\u00f5es em conv\u00eanios, autoriza\u00e7\u00f5es e investimentos na gera\u00e7\u00e3o de emprego e renda para munic\u00edpios paulistas. Al\u00e9m de importantes a\u00e7\u00f5es sobre [&hellip;]<\/p>\n","protected":false},"author":1,"featured_media":7637,"comment_status":"closed","ping_status":"open","sticky":false,"template":"","format":"standard","meta":{"footnotes":""},"categories":[116],"tags":[],"class_list":["post-7630","post","type-post","status-publish","format-standard","has-post-thumbnail","hentry","category-politicaeeconomia"],"_links":{"self":[{"href":"https:\/\/jorgezanoni.com.br\/2019\/wp-json\/wp\/v2\/posts\/7630","targetHints":{"allow":["GET"]}}],"collection":[{"href":"https:\/\/jorgezanoni.com.br\/2019\/wp-json\/wp\/v2\/posts"}],"about":[{"href":"https:\/\/jorgezanoni.com.br\/2019\/wp-json\/wp\/v2\/types\/post"}],"author":[{"embeddable":true,"href":"https:\/\/jorgezanoni.com.br\/2019\/wp-json\/wp\/v2\/users\/1"}],"replies":[{"embeddable":true,"href":"https:\/\/jorgezanoni.com.br\/2019\/wp-json\/wp\/v2\/comments?post=7630"}],"version-history":[{"count":0,"href":"https:\/\/jorgezanoni.com.br\/2019\/wp-json\/wp\/v2\/posts\/7630\/revisions"}],"wp:featuredmedia":[{"embeddable":true,"href":"https:\/\/jorgezanoni.com.br\/2019\/wp-json\/wp\/v2\/media\/7637"}],"wp:attachment":[{"href":"https:\/\/jorgezanoni.com.br\/2019\/wp-json\/wp\/v2\/media?parent=7630"}],"wp:term":[{"taxonomy":"category","embeddable":true,"href":"https:\/\/jorgezanoni.com.br\/2019\/wp-json\/wp\/v2\/categories?post=7630"},{"taxonomy":"post_tag","embeddable":true,"href":"https:\/\/jorgezanoni.com.br\/2019\/wp-json\/wp\/v2\/tags?post=7630"}],"curies":[{"name":"wp","href":"https:\/\/api.w.org\/{rel}","templated":true}]}}