{"id":76291,"date":"2023-05-17T16:12:01","date_gmt":"2023-05-17T16:12:01","guid":{"rendered":"https:\/\/jorgezanoni.com.br\/2019\/?p=76291"},"modified":"2023-05-17T16:12:01","modified_gmt":"2023-05-17T16:12:01","slug":"policia-civil-realiza-aula-tematica-sobre-drogadicao-voltada-para-academicos-do-curso-psicologia-em-dracena","status":"publish","type":"post","link":"https:\/\/jorgezanoni.com.br\/2019\/policia-civil-realiza-aula-tematica-sobre-drogadicao-voltada-para-academicos-do-curso-psicologia-em-dracena\/","title":{"rendered":"Pol\u00edcia Civil realiza aula tem\u00e1tica sobre Drogadi\u00e7\u00e3o voltada para Acad\u00eamicos do curso Psicologia em Dracena"},"content":{"rendered":"<p style=\"text-align: justify;\">A Pol\u00edcia Civil, por interm\u00e9dio da Delegacia Seccional de Pol\u00edcia de Dracena, participou nesta ter\u00e7a-feira (16), de uma aula especial com alunos do 1\u00ba termo do curso de psicologia, da Faculdade Unifadra, em Dracena (SP). A tem\u00e1tica do encontro foi a drogadi\u00e7\u00e3o, cujo conte\u00fado faz parte da grade curricular da disciplina Bases Biol\u00f3gicas do Comportamento.<br \/>\nO convite para a aula especial partiu do Prof\u00ba. Luiz Gustavo Peron Martins, e coube ao agente policial Reginaldo Rosa abordar sobre o conceito das substancias entorpecentes, os diferentes tipos de drogas e a import\u00e2ncia da conscientiza\u00e7\u00e3o da n\u00e3o experimenta\u00e7\u00e3o precoce. A explana\u00e7\u00e3o tamb\u00e9m teve foco nas drogas l\u00edcitas, aquelas socialmente aceitas, como o tabaco e o \u00e1lcool.<br \/>\nO agente policial ressaltou ainda, que a fun\u00e7\u00e3o do psic\u00f3logo \u00e9 de suma import\u00e2ncia como profissional da \u00e1rea da sa\u00fade mental, em fazer a avali\u00e7\u00e3o prim\u00e1ria da condi\u00e7\u00e3o de um dependente qu\u00edmico, e compreender o percurso que o levou a se tornar um drogadicto, e ainda buscar o tratamento mais adequado para cada indiv\u00edduo.<br \/>\nAo final, os docentes participaram fazendo perguntas e esclarecimento de d\u00favidas. O Prof\u00ba. Luiz Gustavo Peron Martins, agradeceu a participa\u00e7\u00e3o e a contribui\u00e7\u00e3o dada pelo agente policial Reginaldo Rosa para o enriquecimento curricular e capacita\u00e7\u00e3o dos acad\u00eamicos, bem como tamb\u00e9m enalteceu a parecia com a Pol\u00edcia Civil do Estado de S\u00e3o Paulo.<\/p>\n<p><img loading=\"lazy\" decoding=\"async\" class=\"alignnone size-full wp-image-76292\" src=\"https:\/\/jorgezanoni.com.br\/2019\/wp-content\/uploads\/2023\/05\/du-Pequeno.jpg\" alt=\"\" width=\"677\" height=\"480\" srcset=\"https:\/\/jorgezanoni.com.br\/2019\/wp-content\/uploads\/2023\/05\/du-Pequeno.jpg 677w, https:\/\/jorgezanoni.com.br\/2019\/wp-content\/uploads\/2023\/05\/du-Pequeno-300x213.jpg 300w, https:\/\/jorgezanoni.com.br\/2019\/wp-content\/uploads\/2023\/05\/du-Pequeno-100x70.jpg 100w, https:\/\/jorgezanoni.com.br\/2019\/wp-content\/uploads\/2023\/05\/du-Pequeno-592x420.jpg 592w\" sizes=\"auto, (max-width: 677px) 100vw, 677px\" \/> <img loading=\"lazy\" decoding=\"async\" class=\"alignnone size-full wp-image-76293\" src=\"https:\/\/jorgezanoni.com.br\/2019\/wp-content\/uploads\/2023\/05\/du1-Pequeno.jpg\" alt=\"\" width=\"828\" height=\"480\" srcset=\"https:\/\/jorgezanoni.com.br\/2019\/wp-content\/uploads\/2023\/05\/du1-Pequeno.jpg 828w, https:\/\/jorgezanoni.com.br\/2019\/wp-content\/uploads\/2023\/05\/du1-Pequeno-300x174.jpg 300w, https:\/\/jorgezanoni.com.br\/2019\/wp-content\/uploads\/2023\/05\/du1-Pequeno-768x445.jpg 768w, https:\/\/jorgezanoni.com.br\/2019\/wp-content\/uploads\/2023\/05\/du1-Pequeno-696x403.jpg 696w, https:\/\/jorgezanoni.com.br\/2019\/wp-content\/uploads\/2023\/05\/du1-Pequeno-725x420.jpg 725w\" sizes=\"auto, (max-width: 828px) 100vw, 828px\" \/> <img loading=\"lazy\" decoding=\"async\" class=\"alignnone size-full wp-image-76294\" src=\"https:\/\/jorgezanoni.com.br\/2019\/wp-content\/uploads\/2023\/05\/du2-Pequeno.jpg\" alt=\"\" width=\"480\" height=\"640\" srcset=\"https:\/\/jorgezanoni.com.br\/2019\/wp-content\/uploads\/2023\/05\/du2-Pequeno.jpg 480w, https:\/\/jorgezanoni.com.br\/2019\/wp-content\/uploads\/2023\/05\/du2-Pequeno-225x300.jpg 225w, https:\/\/jorgezanoni.com.br\/2019\/wp-content\/uploads\/2023\/05\/du2-Pequeno-315x420.jpg 315w\" sizes=\"auto, (max-width: 480px) 100vw, 480px\" \/> <img loading=\"lazy\" decoding=\"async\" class=\"alignnone size-full wp-image-76296\" src=\"https:\/\/jorgezanoni.com.br\/2019\/wp-content\/uploads\/2023\/05\/du4-Pequeno.jpg\" alt=\"\" width=\"480\" height=\"640\" srcset=\"https:\/\/jorgezanoni.com.br\/2019\/wp-content\/uploads\/2023\/05\/du4-Pequeno.jpg 480w, https:\/\/jorgezanoni.com.br\/2019\/wp-content\/uploads\/2023\/05\/du4-Pequeno-225x300.jpg 225w, https:\/\/jorgezanoni.com.br\/2019\/wp-content\/uploads\/2023\/05\/du4-Pequeno-315x420.jpg 315w\" sizes=\"auto, (max-width: 480px) 100vw, 480px\" \/><\/p>\n<p style=\"text-align: justify;\">Fonte: Com. Social Pol\u00edcia Civil<\/p>\n","protected":false},"excerpt":{"rendered":"<p>A Pol\u00edcia Civil, por interm\u00e9dio da Delegacia Seccional de Pol\u00edcia de Dracena, participou nesta ter\u00e7a-feira (16), de uma aula especial com alunos do 1\u00ba termo do curso de psicologia, da Faculdade Unifadra, em Dracena (SP). A tem\u00e1tica do encontro foi a drogadi\u00e7\u00e3o, cujo conte\u00fado faz parte da grade curricular da disciplina Bases Biol\u00f3gicas do Comportamento. [&hellip;]<\/p>\n","protected":false},"author":1,"featured_media":76295,"comment_status":"closed","ping_status":"open","sticky":false,"template":"","format":"standard","meta":{"footnotes":""},"categories":[110,2],"tags":[],"class_list":["post-76291","post","type-post","status-publish","format-standard","has-post-thumbnail","hentry","category-noticiasdestaque","category-policial"],"_links":{"self":[{"href":"https:\/\/jorgezanoni.com.br\/2019\/wp-json\/wp\/v2\/posts\/76291","targetHints":{"allow":["GET"]}}],"collection":[{"href":"https:\/\/jorgezanoni.com.br\/2019\/wp-json\/wp\/v2\/posts"}],"about":[{"href":"https:\/\/jorgezanoni.com.br\/2019\/wp-json\/wp\/v2\/types\/post"}],"author":[{"embeddable":true,"href":"https:\/\/jorgezanoni.com.br\/2019\/wp-json\/wp\/v2\/users\/1"}],"replies":[{"embeddable":true,"href":"https:\/\/jorgezanoni.com.br\/2019\/wp-json\/wp\/v2\/comments?post=76291"}],"version-history":[{"count":1,"href":"https:\/\/jorgezanoni.com.br\/2019\/wp-json\/wp\/v2\/posts\/76291\/revisions"}],"predecessor-version":[{"id":76297,"href":"https:\/\/jorgezanoni.com.br\/2019\/wp-json\/wp\/v2\/posts\/76291\/revisions\/76297"}],"wp:featuredmedia":[{"embeddable":true,"href":"https:\/\/jorgezanoni.com.br\/2019\/wp-json\/wp\/v2\/media\/76295"}],"wp:attachment":[{"href":"https:\/\/jorgezanoni.com.br\/2019\/wp-json\/wp\/v2\/media?parent=76291"}],"wp:term":[{"taxonomy":"category","embeddable":true,"href":"https:\/\/jorgezanoni.com.br\/2019\/wp-json\/wp\/v2\/categories?post=76291"},{"taxonomy":"post_tag","embeddable":true,"href":"https:\/\/jorgezanoni.com.br\/2019\/wp-json\/wp\/v2\/tags?post=76291"}],"curies":[{"name":"wp","href":"https:\/\/api.w.org\/{rel}","templated":true}]}}