{"id":76279,"date":"2023-05-17T00:33:06","date_gmt":"2023-05-17T00:33:06","guid":{"rendered":"https:\/\/jorgezanoni.com.br\/2019\/?p=76279"},"modified":"2023-05-17T00:33:06","modified_gmt":"2023-05-17T00:33:06","slug":"unifadra-concede-titulo-doutor-honoris-causa-a-fernando-moraes-nos-55-anos-da-fundec","status":"publish","type":"post","link":"https:\/\/jorgezanoni.com.br\/2019\/unifadra-concede-titulo-doutor-honoris-causa-a-fernando-moraes-nos-55-anos-da-fundec\/","title":{"rendered":"Unifadra concede t\u00edtulo Doutor Honoris Causa a Fernando Moraes nos 55 anos da Fundec"},"content":{"rendered":"<p style=\"text-align: justify;\"><span style=\"font-size: large;\">A cerim\u00f4nia realizada no dia 12 de maio celebrou os 55 anos da Fundec no novo espa\u00e7o de conviv\u00eancia feito para seus alunos e colaboradores. O antigo p\u00e1tio foi revitalizado e se transformou em uma \u00e1rea confort\u00e1vel e moderna, muito acolhedora, que passou a receber a comunidade do Anglo-CID, da Unifadra, da Fundec e, tamb\u00e9m, do CEP\/UME.<\/span><\/p>\n<p><span style=\"font-size: large;\">O local foi palco para o diretor acad\u00eamico da Unifadra\u00a0<\/span>Prof. Dr.<span style=\"font-size: large;\">\u00a0Enio Garbelini entregar a mais alta honraria da faculdade, o t\u00edtulo Doutor Honoris Causa, ao fil\u00f3sofo, palestrante e escritor Fernando Moraes.<\/span><\/p>\n<p><span style=\"font-size: large;\">O homenageado, com mais de 18 anos de experi\u00eancia em cargos de comando na \u00e1rea p\u00fablica, na elabora\u00e7\u00e3o e execu\u00e7\u00e3o de programas e projetos atrav\u00e9s de pol\u00edticas p\u00fablicas, foi Diretor Executivo da FUNAP &#8211; Funda\u00e7\u00e3o\u00a0<\/span>&#8220;Prof. Dr.<span style=\"font-size: large;\">\u00a0Manoel Pedro Pimentel&#8221;, vinculada \u00e0 Secretaria da Administra\u00e7\u00e3o Penitenci\u00e1ria do Estado de S\u00e3o Paulo. Na ocasi\u00e3o, juntamente com a Fundec, por meio de suas escolas, desenvolveu um grande projeto de socializa\u00e7\u00e3o e qualifica\u00e7\u00e3o das mulheres presas nas penitenci\u00e1rias paulistas.<\/span><\/p>\n<p><span style=\"font-size: large;\">O t\u00edtulo Doutor Honoris Causa \u00e9 uma distin\u00e7\u00e3o acad\u00eamica concedida \u00e0queles que tenham se destacado em sua \u00e1rea de atua\u00e7\u00e3o, com contribui\u00e7\u00f5es significativas n\u00e3o s\u00f3 para a Institui\u00e7\u00e3o como para a sociedade, uma maneira de reconhecer e registrar publicamente o impacto e o prest\u00edgio do homenageado.<\/span><\/p>\n<p><span style=\"font-size: large;\">Em seu pronunciamento, Fernando Moraes declarou estar emocionado, cheio de orgulho e gratid\u00e3o por fazer parte da hist\u00f3ria da Fundec e da Unifadra, pois recebeu em anos consecutivos a mais alta honraria de ambas as institui\u00e7\u00f5es. Destacou ainda a &#8220;presen\u00e7a de amigos da Funap, que vieram de Campinas para prestigiar este momento que tamb\u00e9m \u00e9 deles&#8221; e, em especial, ressaltou a import\u00e2ncia da educa\u00e7\u00e3o que recebeu de sua m\u00e3e e, principalmente, de sua av\u00f3 em sua forma\u00e7\u00e3o pessoal.<\/span><\/p>\n<p><span style=\"font-size: large;\">O diretor acad\u00eamico da Unifadra\u00a0<\/span>Prof. Dr.<span style=\"font-size: large;\">\u00a0Enio Garbelini parabenizou o homenageado ressaltando a parceria e tudo o que ele vem fazendo pela educa\u00e7\u00e3o, pela cultura e, principalmente, pelas quest\u00f5es humanit\u00e1rias com popula\u00e7\u00f5es vulner\u00e1veis, no Brasil e em outras partes do mundo, al\u00e9m de todo o carinho que sempre demonstrou com a Fundec e a Unifadra.<\/span><\/p>\n<p><span style=\"font-size: large;\">Edson Kai, diretor executivo da Fundec, parabenizou Fernando Moraes pelo t\u00edtulo de Doutor Honoris Causa e ressaltou os 55 anos da Fundec, relembrando o trabalho da Institui\u00e7\u00e3o para ofertar educa\u00e7\u00e3o de qualidade em todos os n\u00edveis, em especial, com a recente implanta\u00e7\u00e3o do Ensino M\u00e9dio Integrado a Jogos Digitais no CEP\/UME de Dracena.<\/span><\/p>\n<p><span style=\"font-size: large;\">Estiveram presentes no evento o prefeito Andr\u00e9 Lemos; o presidente da C\u00e2mara Municipal Danilo Ledo e o membro do Conselho de Curadores da Fundec Luciano Gerlin, al\u00e9m da imprensa e de representantes de entidades parceiras da Fundec.<\/span><\/p>\n<p><span style=\"font-size: large;\">A cerim\u00f4nia contou com a apresenta\u00e7\u00e3o do Coral da Unifadra, regido pela\u00a0<\/span>Profa. Dra.<span style=\"font-size: large;\">\u00a0Sheila Franceschini, e com a bela apresenta\u00e7\u00e3o do Prof. Marcel Freire ao saxofone.<\/span><\/p>\n<p><span style=\"font-size: large;\">Encerrando a solenidade, foi servido um coquetel a todos que prestigiaram o evento.<\/span><\/p>\n<p><img loading=\"lazy\" decoding=\"async\" class=\"alignnone size-full wp-image-76280\" src=\"https:\/\/jorgezanoni.com.br\/2019\/wp-content\/uploads\/2023\/05\/Titulo-Dr.-Honoris-Causa-1-Pequeno.jpg\" alt=\"\" width=\"853\" height=\"480\" srcset=\"https:\/\/jorgezanoni.com.br\/2019\/wp-content\/uploads\/2023\/05\/Titulo-Dr.-Honoris-Causa-1-Pequeno.jpg 853w, https:\/\/jorgezanoni.com.br\/2019\/wp-content\/uploads\/2023\/05\/Titulo-Dr.-Honoris-Causa-1-Pequeno-300x169.jpg 300w, https:\/\/jorgezanoni.com.br\/2019\/wp-content\/uploads\/2023\/05\/Titulo-Dr.-Honoris-Causa-1-Pequeno-768x432.jpg 768w, https:\/\/jorgezanoni.com.br\/2019\/wp-content\/uploads\/2023\/05\/Titulo-Dr.-Honoris-Causa-1-Pequeno-696x392.jpg 696w, https:\/\/jorgezanoni.com.br\/2019\/wp-content\/uploads\/2023\/05\/Titulo-Dr.-Honoris-Causa-1-Pequeno-746x420.jpg 746w\" sizes=\"auto, (max-width: 853px) 100vw, 853px\" \/> <img loading=\"lazy\" decoding=\"async\" class=\"alignnone size-full wp-image-76282\" src=\"https:\/\/jorgezanoni.com.br\/2019\/wp-content\/uploads\/2023\/05\/Titulo-Dr.-Honoris-Causa-3-Pequeno.jpg\" alt=\"\" width=\"853\" height=\"480\" srcset=\"https:\/\/jorgezanoni.com.br\/2019\/wp-content\/uploads\/2023\/05\/Titulo-Dr.-Honoris-Causa-3-Pequeno.jpg 853w, https:\/\/jorgezanoni.com.br\/2019\/wp-content\/uploads\/2023\/05\/Titulo-Dr.-Honoris-Causa-3-Pequeno-300x169.jpg 300w, https:\/\/jorgezanoni.com.br\/2019\/wp-content\/uploads\/2023\/05\/Titulo-Dr.-Honoris-Causa-3-Pequeno-768x432.jpg 768w, https:\/\/jorgezanoni.com.br\/2019\/wp-content\/uploads\/2023\/05\/Titulo-Dr.-Honoris-Causa-3-Pequeno-696x392.jpg 696w, https:\/\/jorgezanoni.com.br\/2019\/wp-content\/uploads\/2023\/05\/Titulo-Dr.-Honoris-Causa-3-Pequeno-746x420.jpg 746w\" sizes=\"auto, (max-width: 853px) 100vw, 853px\" \/> <img loading=\"lazy\" decoding=\"async\" class=\"alignnone size-full wp-image-76283\" src=\"https:\/\/jorgezanoni.com.br\/2019\/wp-content\/uploads\/2023\/05\/Unifadra-concede-titulo-Doutor-Honoris-Causa-a-Fernando-Moraes-nos-55-anos-da-Fundec-Pequeno.jpg\" alt=\"\" width=\"853\" height=\"480\" srcset=\"https:\/\/jorgezanoni.com.br\/2019\/wp-content\/uploads\/2023\/05\/Unifadra-concede-titulo-Doutor-Honoris-Causa-a-Fernando-Moraes-nos-55-anos-da-Fundec-Pequeno.jpg 853w, https:\/\/jorgezanoni.com.br\/2019\/wp-content\/uploads\/2023\/05\/Unifadra-concede-titulo-Doutor-Honoris-Causa-a-Fernando-Moraes-nos-55-anos-da-Fundec-Pequeno-300x169.jpg 300w, https:\/\/jorgezanoni.com.br\/2019\/wp-content\/uploads\/2023\/05\/Unifadra-concede-titulo-Doutor-Honoris-Causa-a-Fernando-Moraes-nos-55-anos-da-Fundec-Pequeno-768x432.jpg 768w, https:\/\/jorgezanoni.com.br\/2019\/wp-content\/uploads\/2023\/05\/Unifadra-concede-titulo-Doutor-Honoris-Causa-a-Fernando-Moraes-nos-55-anos-da-Fundec-Pequeno-696x392.jpg 696w, https:\/\/jorgezanoni.com.br\/2019\/wp-content\/uploads\/2023\/05\/Unifadra-concede-titulo-Doutor-Honoris-Causa-a-Fernando-Moraes-nos-55-anos-da-Fundec-Pequeno-746x420.jpg 746w\" sizes=\"auto, (max-width: 853px) 100vw, 853px\" \/><\/p>\n<p>Fonte: Depto. de Comunica\u00e7\u00e3o da Fundec<\/p>\n","protected":false},"excerpt":{"rendered":"<p>A cerim\u00f4nia realizada no dia 12 de maio celebrou os 55 anos da Fundec no novo espa\u00e7o de conviv\u00eancia feito para seus alunos e colaboradores. O antigo p\u00e1tio foi revitalizado e se transformou em uma \u00e1rea confort\u00e1vel e moderna, muito acolhedora, que passou a receber a comunidade do Anglo-CID, da Unifadra, da Fundec e, tamb\u00e9m, [&hellip;]<\/p>\n","protected":false},"author":1,"featured_media":76281,"comment_status":"closed","ping_status":"open","sticky":false,"template":"","format":"standard","meta":{"footnotes":""},"categories":[110,122],"tags":[],"class_list":["post-76279","post","type-post","status-publish","format-standard","has-post-thumbnail","hentry","category-noticiasdestaque","category-saudeeducacaoeconcurso"],"_links":{"self":[{"href":"https:\/\/jorgezanoni.com.br\/2019\/wp-json\/wp\/v2\/posts\/76279","targetHints":{"allow":["GET"]}}],"collection":[{"href":"https:\/\/jorgezanoni.com.br\/2019\/wp-json\/wp\/v2\/posts"}],"about":[{"href":"https:\/\/jorgezanoni.com.br\/2019\/wp-json\/wp\/v2\/types\/post"}],"author":[{"embeddable":true,"href":"https:\/\/jorgezanoni.com.br\/2019\/wp-json\/wp\/v2\/users\/1"}],"replies":[{"embeddable":true,"href":"https:\/\/jorgezanoni.com.br\/2019\/wp-json\/wp\/v2\/comments?post=76279"}],"version-history":[{"count":1,"href":"https:\/\/jorgezanoni.com.br\/2019\/wp-json\/wp\/v2\/posts\/76279\/revisions"}],"predecessor-version":[{"id":76284,"href":"https:\/\/jorgezanoni.com.br\/2019\/wp-json\/wp\/v2\/posts\/76279\/revisions\/76284"}],"wp:featuredmedia":[{"embeddable":true,"href":"https:\/\/jorgezanoni.com.br\/2019\/wp-json\/wp\/v2\/media\/76281"}],"wp:attachment":[{"href":"https:\/\/jorgezanoni.com.br\/2019\/wp-json\/wp\/v2\/media?parent=76279"}],"wp:term":[{"taxonomy":"category","embeddable":true,"href":"https:\/\/jorgezanoni.com.br\/2019\/wp-json\/wp\/v2\/categories?post=76279"},{"taxonomy":"post_tag","embeddable":true,"href":"https:\/\/jorgezanoni.com.br\/2019\/wp-json\/wp\/v2\/tags?post=76279"}],"curies":[{"name":"wp","href":"https:\/\/api.w.org\/{rel}","templated":true}]}}