{"id":76274,"date":"2023-05-17T00:12:43","date_gmt":"2023-05-17T00:12:43","guid":{"rendered":"https:\/\/jorgezanoni.com.br\/2019\/?p=76274"},"modified":"2023-05-17T00:12:43","modified_gmt":"2023-05-17T00:12:43","slug":"academicos-de-medicina-da-unifadra-publicam-trabalho-sobre-acidentes-com-materiais-perfurocortantes","status":"publish","type":"post","link":"https:\/\/jorgezanoni.com.br\/2019\/academicos-de-medicina-da-unifadra-publicam-trabalho-sobre-acidentes-com-materiais-perfurocortantes\/","title":{"rendered":"Acad\u00eamicos de Medicina da Unifadra publicam trabalho sobre acidentes com materiais perfurocortantes"},"content":{"rendered":"<p style=\"text-align: justify;\"><span style=\"font-size: large;\">Os alunos Valdir Fernandes Vieira Junior e Agnaldo Egido Nunes Junior, alunos do 11\u00ba termo de Medicina da Unifadra, publicaram o artigo &#8220;Perfil dos trabalhadores acidentados com perfurocortantes na \u00e1rea da sa\u00fade&#8221; na revista Research, Society and Development.<\/span><\/p>\n<p><span style=\"font-size: large;\">Orientados pelo Prof. Me. Manoel Carlos Melillo Felzener, a dupla realizou uma revis\u00e3o dos artigos mais recentes publicados na literatura m\u00e9dica e descreveu as ocorr\u00eancias de acidentes com materiais perfurocortantes e as medidas preventivas para minimiz\u00e1-los entre os trabalhadores da \u00e1rea da sa\u00fade.<\/span><\/p>\n<p><span style=\"font-size: large;\">Segundo os autores, foram observadas as doen\u00e7as que podem ser adquiridas pelos profissionais v\u00edtimas de acidentes com perfurocortantes e ressaltada a necessidade de medidas preventivas e educativas sobre biosseguran\u00e7a, enfatizando o uso de equipamentos de prote\u00e7\u00e3o individual e descarte de materiais contaminados para minimizar os acidentes.<\/span><\/p>\n<p><span style=\"font-size: large;\">&#8220;Este \u00e9 um tema pouco explorado, mas nos alerta para doen\u00e7as decorrentes de exposi\u00e7\u00f5es ocupacionais a materiais biol\u00f3gicos potencialmente contaminados e nos lembra de mantermos em dia atualiza\u00e7\u00f5es, cursos e aperfei\u00e7oamentos sobre preven\u00e7\u00e3o e cuidados consigo mesmo durante nossa atua\u00e7\u00e3o profissional, evitando assim que acidentes se tornem corriqueiros&#8221;, ressalta o Prof. Me. Manoel Carlos Melillo Felzener.<\/span><\/p>\n<p><span style=\"font-size: large;\">O artigo pode ser conferido no link (vol. 12, n\u00ba 4, ano 2023):<\/span><br \/>\n<span style=\"font-size: large;\"><a href=\"https:\/\/doi.org\/10.33448\/rsd-v12i4.41038\" target=\"_blank\" rel=\"noopener noreferrer\">https:\/\/doi.org\/10.33448\/rsd-v12i4.41038<\/a><\/span><\/p>\n<p><span style=\"font-size: large;\">A dire\u00e7\u00e3o acad\u00eamica e a coordena\u00e7\u00e3o da Unifadra parabenizam os alunos Valdir e Agnaldo e o professor Manoel pelo desenvolvimento do trabalho e a publica\u00e7\u00e3o do artigo, e ressaltam a import\u00e2ncia do compartilhamento das informa\u00e7\u00f5es e dos resultados obtidos em peri\u00f3dicos especializados.<\/span><\/p>\n<p><span style=\"font-size: large;\"><b>Research, Society and Development<\/b><\/span><br \/>\n<span style=\"font-size: large;\">A publica\u00e7\u00e3o \u00e9 uma revista cient\u00edfica mensal e multidisciplinar focada em promover o desenvolvimento social, cient\u00edfico e tecnol\u00f3gico, que apresenta os resultados ocorridos em diferentes \u00e1reas do conhecimento.<\/span><\/p>\n<p>Fonte: Depto. de Comunica\u00e7\u00e3o da Fundec<\/p>\n","protected":false},"excerpt":{"rendered":"<p>Os alunos Valdir Fernandes Vieira Junior e Agnaldo Egido Nunes Junior, alunos do 11\u00ba termo de Medicina da Unifadra, publicaram o artigo &#8220;Perfil dos trabalhadores acidentados com perfurocortantes na \u00e1rea da sa\u00fade&#8221; na revista Research, Society and Development. Orientados pelo Prof. Me. Manoel Carlos Melillo Felzener, a dupla realizou uma revis\u00e3o dos artigos mais recentes [&hellip;]<\/p>\n","protected":false},"author":1,"featured_media":76275,"comment_status":"closed","ping_status":"open","sticky":false,"template":"","format":"standard","meta":{"footnotes":""},"categories":[110,122],"tags":[],"class_list":["post-76274","post","type-post","status-publish","format-standard","has-post-thumbnail","hentry","category-noticiasdestaque","category-saudeeducacaoeconcurso"],"_links":{"self":[{"href":"https:\/\/jorgezanoni.com.br\/2019\/wp-json\/wp\/v2\/posts\/76274","targetHints":{"allow":["GET"]}}],"collection":[{"href":"https:\/\/jorgezanoni.com.br\/2019\/wp-json\/wp\/v2\/posts"}],"about":[{"href":"https:\/\/jorgezanoni.com.br\/2019\/wp-json\/wp\/v2\/types\/post"}],"author":[{"embeddable":true,"href":"https:\/\/jorgezanoni.com.br\/2019\/wp-json\/wp\/v2\/users\/1"}],"replies":[{"embeddable":true,"href":"https:\/\/jorgezanoni.com.br\/2019\/wp-json\/wp\/v2\/comments?post=76274"}],"version-history":[{"count":1,"href":"https:\/\/jorgezanoni.com.br\/2019\/wp-json\/wp\/v2\/posts\/76274\/revisions"}],"predecessor-version":[{"id":76276,"href":"https:\/\/jorgezanoni.com.br\/2019\/wp-json\/wp\/v2\/posts\/76274\/revisions\/76276"}],"wp:featuredmedia":[{"embeddable":true,"href":"https:\/\/jorgezanoni.com.br\/2019\/wp-json\/wp\/v2\/media\/76275"}],"wp:attachment":[{"href":"https:\/\/jorgezanoni.com.br\/2019\/wp-json\/wp\/v2\/media?parent=76274"}],"wp:term":[{"taxonomy":"category","embeddable":true,"href":"https:\/\/jorgezanoni.com.br\/2019\/wp-json\/wp\/v2\/categories?post=76274"},{"taxonomy":"post_tag","embeddable":true,"href":"https:\/\/jorgezanoni.com.br\/2019\/wp-json\/wp\/v2\/tags?post=76274"}],"curies":[{"name":"wp","href":"https:\/\/api.w.org\/{rel}","templated":true}]}}