{"id":76271,"date":"2023-05-17T00:07:45","date_gmt":"2023-05-17T00:07:45","guid":{"rendered":"https:\/\/jorgezanoni.com.br\/2019\/?p=76271"},"modified":"2023-05-17T00:07:45","modified_gmt":"2023-05-17T00:07:45","slug":"nem-bandido-nem-mocinho-muito-pelo-contrario-por-sergio-barbosa","status":"publish","type":"post","link":"https:\/\/jorgezanoni.com.br\/2019\/nem-bandido-nem-mocinho-muito-pelo-contrario-por-sergio-barbosa\/","title":{"rendered":"Nem bandido&#8230; nem mocinho&#8230; muito pelo contr\u00e1rio&#8230; (por S\u00e9rgio Barbosa)"},"content":{"rendered":"<p><strong>NEM BANDIDO&#8230; NEM MOCINHO&#8230; MUITO PELO CONTR\u00c1RIO&#8230;<\/strong><em>\u00a0<\/em><\/p>\n<p><strong><em>\u201cSe m\u00e9dico pensa que \u00e9 Deus, jornalista tem certeza!\u201d.<\/em><\/strong><em>\u00a0<\/em><\/p>\n<p><strong><em>S\u00e9rgio Barbosa (*)<\/em><\/strong><\/p>\n<p style=\"text-align: justify;\">Dizem que o \u201cJornalista\u201d est\u00e1 sempre entre dois lados, ou melhor, entre fogos cruzados, ainda mais neste novo tempo novo, bem como, quando existem tantos desencontros em nome disto ou daquilo&#8230;<\/p>\n<p style=\"text-align: justify;\">Neste cen\u00e1rio do \u201cjeitinho\u201d, pode-se pensar em muitas sa\u00eddas de emerg\u00eancia para um mesmo problema, alias, o de sempre em terras provincianas, afinal de contas, os mesmos n\u00e3o desistem de ficar na contra-m\u00e3o de um mesmo pseudopoder, ainda, sacramentalizado pela injusti\u00e7a da justi\u00e7a que afirma ser \u201ccega, surda e muda\u201d&#8230;<\/p>\n<p style=\"text-align: justify;\">Numa \u00fanica mentira, muitas verdades sobre o senso comum da mesmice de sempre, al\u00e9m do mais, o contexto continua o mesmo de sempre para o formador de opini\u00e3o tupiniquim em tempo de p\u00f3s-globaliza\u00e7\u00e3o midi\u00e1tica&#8230;<\/p>\n<p style=\"text-align: justify;\">A mensagem continua sem emissor para um receptor desligado da tomada de uma parede branca e sem sentido neste universo sem estrelas para brilhar, afinal de contas, pudera, o c\u00f3digo continua sem decodificador para um olhar mais \u00e0 frente desta ou daquela comunica\u00e7\u00e3o sem social&#8230;<\/p>\n<p style=\"text-align: justify;\">A m\u00eddia \u00e9 a mesma de sempre para aquele receptor al\u00e9m da cr\u00edtica sobre o bem e o mal numa sociedade viciada pelos mandantes de um crime quase perfeito, de acordo com aquela manchete sensacionalista naquele jornaleco ultrapassado pelas correntes alheias numa pris\u00e3o censurada pela vontade do poder central&#8230;<\/p>\n<p style=\"text-align: justify;\">Quando aconteceu?<\/p>\n<p style=\"text-align: justify;\">Boa pergunta disse o outro lado da quest\u00e3o, pelo jeito a dial\u00e9tica ser\u00e1 eterna enquanto durar o processo midi\u00e1tico neste caso, entretanto, onde est\u00e1 a v\u00edtima deste processo kafcaniano e incoerente segundo as testemunhas oculares de um rep\u00f3rter perdido nas contradi\u00e7\u00f5es jornal\u00edsticas&#8230;<\/p>\n<p style=\"text-align: justify;\">A fonte, sempre aparece sem aparecer na sua totalidade infeliz para demonstrar que o jornalista tupiniquim faz a diferen\u00e7a neste jogo sem vencedor, apenas um placar sem n\u00fameros para justificar a press\u00e3o da torcida sem bandeiras&#8230;<\/p>\n<p style=\"text-align: justify;\">Como aconteceu?<\/p>\n<p style=\"text-align: justify;\">S\u00f3 sei que nada sei afirmou o pensador do outro tempo, assim mesmo, ficou a margem do procedimento interno, deixando de lado, as propostas externas e desqualificadas do editor sem registro profissional perante o minist\u00e9rio p\u00fablico de um tribunal sem justi\u00e7a&#8230;<\/p>\n<p style=\"text-align: justify;\">Onde aconteceu?<\/p>\n<p style=\"text-align: justify;\">N\u00e3o se sabe a origem desta den\u00fancia indevida para o editor sem chefe daquele jornal, por\u00e9m, o editor sem assistente entendeu a mensagem, todavia, n\u00e3o compreendeu a mesma no seu aporte redatorial e sem revis\u00e3o gramatical&#8230;<\/p>\n<p style=\"text-align: justify;\">Para qu\u00ea?<\/p>\n<p style=\"text-align: justify;\">Tamb\u00e9m, com tantas perguntas deste rep\u00f3rter tudo pode acontecer para os entrevistados de um mesmo momento secular, assim, dizem os profetas da m\u00eddia viciada pelas drogas do presente sem futuro&#8230;<\/p>\n<p style=\"text-align: justify;\">Quem?<\/p>\n<p style=\"text-align: justify;\">Isso n\u00e3o era um fator determinante para os filhos sem pauta, haja vista que os focas ficaram a ver navios numa reda\u00e7\u00e3o sem editor e muito menos um redator-assistente para dar a bronca de sempre, neste caso, o jornalista preferiu ficar com o joio e deixar o trigo para os med\u00edocres da pauta&#8230;<\/p>\n<p style=\"text-align: justify;\"><strong><em>______________________________________<\/em><\/strong><\/p>\n<p style=\"text-align: justify;\"><strong><em>(*) Bacharel em Comunica\u00e7\u00e3o Social com habilita\u00e7\u00e3o em Jornalismo pela FCS\/IMS (1,983) e Jornalista diplomado- MTb No. 16.772\/SP (1.986).<\/em><\/strong><\/p>\n<p style=\"text-align: justify;\"><strong><em>e-mail: <a href=\"mailto:barbosa.sebar@gmail.com\">barbosa.sebar@gmail.com<\/a><\/em><\/strong><\/p>\n","protected":false},"excerpt":{"rendered":"<p>NEM BANDIDO&#8230; NEM MOCINHO&#8230; MUITO PELO CONTR\u00c1RIO&#8230;\u00a0 \u201cSe m\u00e9dico pensa que \u00e9 Deus, jornalista tem certeza!\u201d.\u00a0 S\u00e9rgio Barbosa (*) Dizem que o \u201cJornalista\u201d est\u00e1 sempre entre dois lados, ou melhor, entre fogos cruzados, ainda mais neste novo tempo novo, bem como, quando existem tantos desencontros em nome disto ou daquilo&#8230; Neste cen\u00e1rio do \u201cjeitinho\u201d, pode-se [&hellip;]<\/p>\n","protected":false},"author":1,"featured_media":76272,"comment_status":"closed","ping_status":"open","sticky":false,"template":"","format":"standard","meta":{"footnotes":""},"categories":[175],"tags":[],"class_list":["post-76271","post","type-post","status-publish","format-standard","has-post-thumbnail","hentry","category-artigos"],"_links":{"self":[{"href":"https:\/\/jorgezanoni.com.br\/2019\/wp-json\/wp\/v2\/posts\/76271","targetHints":{"allow":["GET"]}}],"collection":[{"href":"https:\/\/jorgezanoni.com.br\/2019\/wp-json\/wp\/v2\/posts"}],"about":[{"href":"https:\/\/jorgezanoni.com.br\/2019\/wp-json\/wp\/v2\/types\/post"}],"author":[{"embeddable":true,"href":"https:\/\/jorgezanoni.com.br\/2019\/wp-json\/wp\/v2\/users\/1"}],"replies":[{"embeddable":true,"href":"https:\/\/jorgezanoni.com.br\/2019\/wp-json\/wp\/v2\/comments?post=76271"}],"version-history":[{"count":1,"href":"https:\/\/jorgezanoni.com.br\/2019\/wp-json\/wp\/v2\/posts\/76271\/revisions"}],"predecessor-version":[{"id":76273,"href":"https:\/\/jorgezanoni.com.br\/2019\/wp-json\/wp\/v2\/posts\/76271\/revisions\/76273"}],"wp:featuredmedia":[{"embeddable":true,"href":"https:\/\/jorgezanoni.com.br\/2019\/wp-json\/wp\/v2\/media\/76272"}],"wp:attachment":[{"href":"https:\/\/jorgezanoni.com.br\/2019\/wp-json\/wp\/v2\/media?parent=76271"}],"wp:term":[{"taxonomy":"category","embeddable":true,"href":"https:\/\/jorgezanoni.com.br\/2019\/wp-json\/wp\/v2\/categories?post=76271"},{"taxonomy":"post_tag","embeddable":true,"href":"https:\/\/jorgezanoni.com.br\/2019\/wp-json\/wp\/v2\/tags?post=76271"}],"curies":[{"name":"wp","href":"https:\/\/api.w.org\/{rel}","templated":true}]}}