{"id":7627,"date":"2019-09-30T22:03:42","date_gmt":"2019-09-30T22:03:42","guid":{"rendered":"https:\/\/jorgezanoni.com.br\/2019\/?p=7627"},"modified":"2019-09-30T22:03:42","modified_gmt":"2019-09-30T22:03:42","slug":"mais-de-28-mil-presos-do-estado-de-sao-paulo-foram-inscritos-para-o-encceja-2019","status":"publish","type":"post","link":"https:\/\/jorgezanoni.com.br\/2019\/mais-de-28-mil-presos-do-estado-de-sao-paulo-foram-inscritos-para-o-encceja-2019\/","title":{"rendered":"Mais de 28 mil presos do Estado de S\u00e3o Paulo foram inscritos para o Encceja 2019"},"content":{"rendered":"<p style=\"font-weight: 400; text-align: justify;\"><strong>N\u00famero de participantes superou o do ano passado em quase 20%<\/strong><\/p>\n<p style=\"font-weight: 400; text-align: justify;\">O n\u00famero de presos custodiados pelo Estado de S\u00e3o Paulo inscritos neste ano no Exame Nacional para Certifica\u00e7\u00e3o de Compet\u00eancias de Jovens e Adultos (Encceja) aumentou 18% em rela\u00e7\u00e3o a 2018. Foram 28.146 participantes ante 24.035 em todo o Estado. J\u00e1 nos estabelecimentos subordinados \u00e0 Coordenadoria de Unidades Prisionais da Regi\u00e3o Oeste (CROESTE) os n\u00fameros saltaram de 5.536 para 6.511 em compara\u00e7\u00e3o ao ano passado. Nesta modalidade, \u00e9 poss\u00edvel conquistar a eleva\u00e7\u00e3o de escolaridade, certificando o Ensino Fundamental ou M\u00e9dio, dependendo do n\u00edvel de ensino que o participante est\u00e1 inserido.<\/p>\n<p style=\"font-weight: 400; text-align: justify;\">O Encceja PPL, direcionado a homens e mulheres privados de liberdade, \u00e9 aplicado pelo Instituto Nacional de Estudos e Pesquisas Educacionais An\u00edsio Teixeira (Inep) em pres\u00eddios e unidades socioeducativas de todo o Brasil. As provas normalmente s\u00e3o realizadas em dois turnos, tanto para o Ensino Fundamental, quanto para o Ensino M\u00e9dio. As inscri\u00e7\u00f5es foram feitas pelos respons\u00e1veis pedag\u00f3gicos de cada unidade prisional ou socioeducativa.<\/p>\n<p style=\"font-weight: 400; text-align: justify;\">J\u00e1 o exame ocorrer\u00e1 em 8 e 9 de outubro. Ser\u00e1 certificado o participante que atingir o m\u00ednimo de 100 pontos em cada uma das \u00e1reas de conhecimento e atingir o m\u00ednimo de cinco pontos na prova de reda\u00e7\u00e3o. Os respons\u00e1veis pedag\u00f3gicos tamb\u00e9m ficam com a miss\u00e3o de acessar os resultados e pleitear a certifica\u00e7\u00e3o dos inscritos nas suas unidades espec\u00edficas.<\/p>\n<p style=\"font-weight: 400; text-align: justify;\"><strong>Saiba mais: Encceja Nacional PPL<\/strong>\u00a0\u2013 O Exame \u00e9 destinado a pessoas submetidas a penas privativas de liberdade e jovens sob medida socioeducativa que inclua priva\u00e7\u00e3o de liberdade. Cada unidade prisional e socioeducativa conta com um respons\u00e1vel pedag\u00f3gico para representar os participantes na inscri\u00e7\u00e3o e certifica\u00e7\u00e3o. Ele \u00e9 o respons\u00e1vel pela inscri\u00e7\u00e3o e por repassar todas as informa\u00e7\u00f5es necess\u00e1rias aos participantes. \u00c9 necess\u00e1rio que os interessados em fazer a inscri\u00e7\u00e3o Encceja PPL 2019 tenham idade m\u00ednima de 15 anos de idade (para obter certificado de Ensino Fundamental) ou de 18 anos (para garantir a certifica\u00e7\u00e3o de Ensino M\u00e9dio).<img loading=\"lazy\" decoding=\"async\" src=\"https:\/\/jorgezanoni.com.br:2096\/cpsess9694601292\/3rdparty\/roundcube\/?_task=mail&amp;_action=get&amp;_mbox=INBOX&amp;_uid=10958&amp;_token=wHIHf63S6R60aLq6H81MLZkoQvl8rP3E&amp;_part=2&amp;_embed=1&amp;_mimeclass=image\" width=\"400\" height=\"126\" \/><\/p>\n","protected":false},"excerpt":{"rendered":"<p>N\u00famero de participantes superou o do ano passado em quase 20% O n\u00famero de presos custodiados pelo Estado de S\u00e3o Paulo inscritos neste ano no Exame Nacional para Certifica\u00e7\u00e3o de Compet\u00eancias de Jovens e Adultos (Encceja) aumentou 18% em rela\u00e7\u00e3o a 2018. Foram 28.146 participantes ante 24.035 em todo o Estado. J\u00e1 nos estabelecimentos subordinados [&hellip;]<\/p>\n","protected":false},"author":1,"featured_media":7628,"comment_status":"closed","ping_status":"open","sticky":false,"template":"","format":"standard","meta":{"footnotes":""},"categories":[122],"tags":[],"class_list":["post-7627","post","type-post","status-publish","format-standard","has-post-thumbnail","hentry","category-saudeeducacaoeconcurso"],"_links":{"self":[{"href":"https:\/\/jorgezanoni.com.br\/2019\/wp-json\/wp\/v2\/posts\/7627","targetHints":{"allow":["GET"]}}],"collection":[{"href":"https:\/\/jorgezanoni.com.br\/2019\/wp-json\/wp\/v2\/posts"}],"about":[{"href":"https:\/\/jorgezanoni.com.br\/2019\/wp-json\/wp\/v2\/types\/post"}],"author":[{"embeddable":true,"href":"https:\/\/jorgezanoni.com.br\/2019\/wp-json\/wp\/v2\/users\/1"}],"replies":[{"embeddable":true,"href":"https:\/\/jorgezanoni.com.br\/2019\/wp-json\/wp\/v2\/comments?post=7627"}],"version-history":[{"count":0,"href":"https:\/\/jorgezanoni.com.br\/2019\/wp-json\/wp\/v2\/posts\/7627\/revisions"}],"wp:featuredmedia":[{"embeddable":true,"href":"https:\/\/jorgezanoni.com.br\/2019\/wp-json\/wp\/v2\/media\/7628"}],"wp:attachment":[{"href":"https:\/\/jorgezanoni.com.br\/2019\/wp-json\/wp\/v2\/media?parent=7627"}],"wp:term":[{"taxonomy":"category","embeddable":true,"href":"https:\/\/jorgezanoni.com.br\/2019\/wp-json\/wp\/v2\/categories?post=7627"},{"taxonomy":"post_tag","embeddable":true,"href":"https:\/\/jorgezanoni.com.br\/2019\/wp-json\/wp\/v2\/tags?post=7627"}],"curies":[{"name":"wp","href":"https:\/\/api.w.org\/{rel}","templated":true}]}}