{"id":76225,"date":"2023-05-15T17:48:42","date_gmt":"2023-05-15T17:48:42","guid":{"rendered":"https:\/\/jorgezanoni.com.br\/2019\/?p=76225"},"modified":"2023-05-15T17:48:42","modified_gmt":"2023-05-15T17:48:42","slug":"policia-militar-em-acao-de-forca-tatica-prende-dois-individuos-por-trafico-de-drogas-em-dracena","status":"publish","type":"post","link":"https:\/\/jorgezanoni.com.br\/2019\/policia-militar-em-acao-de-forca-tatica-prende-dois-individuos-por-trafico-de-drogas-em-dracena\/","title":{"rendered":"Pol\u00edcia Militar em a\u00e7\u00e3o de For\u00e7a T\u00e1tica prende dois indiv\u00edduos por Tr\u00e1fico de Drogas em Dracena"},"content":{"rendered":"<p><strong>Foram apreendidos na Vila Barros: 52 gramas Coca\u00edna, 02 Celulares e R$30,00 Reais.<\/strong><\/p>\n<p style=\"text-align: justify;\">Na data de s\u00e1bado (13) por volta das 19h50min durante o patrulhamento de For\u00e7a T\u00e1tica por Dracena, a equipe visualizou 02 indiv\u00edduos (19 e 18 anos) em atitudes suspeitas sentados na cal\u00e7ada, que ao notarem a presen\u00e7a da viatura dispensaram uma sacola, na busca pessoal nada foi localizado, por\u00e9m ao realizar a busca nas imedia\u00e7\u00f5es foi localizado a sacola que jogaram tendo em seu interior por\u00e7\u00f5es fracionadas de coca\u00edna e uma certa quantia em dinheiro.Diante dos fatos foram conduzidos ao Plant\u00e3o de Pol\u00edcia Judici\u00e1ria de Dracena onde foi elaborado BOPC de tr\u00e1fico de drogas e os indiciados permaneceram a disposi\u00e7\u00e3o da Justi\u00e7a.<\/p>\n<p>Fonte: Com. Social Pol\u00edcia Militar<\/p>\n","protected":false},"excerpt":{"rendered":"<p>Foram apreendidos na Vila Barros: 52 gramas Coca\u00edna, 02 Celulares e R$30,00 Reais. Na data de s\u00e1bado (13) por volta das 19h50min durante o patrulhamento de For\u00e7a T\u00e1tica por Dracena, a equipe visualizou 02 indiv\u00edduos (19 e 18 anos) em atitudes suspeitas sentados na cal\u00e7ada, que ao notarem a presen\u00e7a da viatura dispensaram uma sacola, [&hellip;]<\/p>\n","protected":false},"author":1,"featured_media":76226,"comment_status":"closed","ping_status":"open","sticky":false,"template":"","format":"standard","meta":{"footnotes":""},"categories":[110,2],"tags":[],"class_list":["post-76225","post","type-post","status-publish","format-standard","has-post-thumbnail","hentry","category-noticiasdestaque","category-policial"],"_links":{"self":[{"href":"https:\/\/jorgezanoni.com.br\/2019\/wp-json\/wp\/v2\/posts\/76225","targetHints":{"allow":["GET"]}}],"collection":[{"href":"https:\/\/jorgezanoni.com.br\/2019\/wp-json\/wp\/v2\/posts"}],"about":[{"href":"https:\/\/jorgezanoni.com.br\/2019\/wp-json\/wp\/v2\/types\/post"}],"author":[{"embeddable":true,"href":"https:\/\/jorgezanoni.com.br\/2019\/wp-json\/wp\/v2\/users\/1"}],"replies":[{"embeddable":true,"href":"https:\/\/jorgezanoni.com.br\/2019\/wp-json\/wp\/v2\/comments?post=76225"}],"version-history":[{"count":1,"href":"https:\/\/jorgezanoni.com.br\/2019\/wp-json\/wp\/v2\/posts\/76225\/revisions"}],"predecessor-version":[{"id":76227,"href":"https:\/\/jorgezanoni.com.br\/2019\/wp-json\/wp\/v2\/posts\/76225\/revisions\/76227"}],"wp:featuredmedia":[{"embeddable":true,"href":"https:\/\/jorgezanoni.com.br\/2019\/wp-json\/wp\/v2\/media\/76226"}],"wp:attachment":[{"href":"https:\/\/jorgezanoni.com.br\/2019\/wp-json\/wp\/v2\/media?parent=76225"}],"wp:term":[{"taxonomy":"category","embeddable":true,"href":"https:\/\/jorgezanoni.com.br\/2019\/wp-json\/wp\/v2\/categories?post=76225"},{"taxonomy":"post_tag","embeddable":true,"href":"https:\/\/jorgezanoni.com.br\/2019\/wp-json\/wp\/v2\/tags?post=76225"}],"curies":[{"name":"wp","href":"https:\/\/api.w.org\/{rel}","templated":true}]}}