{"id":7620,"date":"2019-09-30T15:49:13","date_gmt":"2019-09-30T15:49:13","guid":{"rendered":"https:\/\/jorgezanoni.com.br\/2019\/?p=7620"},"modified":"2019-09-30T15:49:13","modified_gmt":"2019-09-30T15:49:13","slug":"confira-o-plantao-policial-das-ultimas-horas-30-09-19","status":"publish","type":"post","link":"https:\/\/jorgezanoni.com.br\/2019\/confira-o-plantao-policial-das-ultimas-horas-30-09-19\/","title":{"rendered":"Confira o Plant\u00e3o Policial das \u00faltimas Horas 30\/09\/19"},"content":{"rendered":"<p style=\"text-align: justify;\"><strong>BRIGA EM BAR TERMINA EM TENTATIVA DE HOMIC\u00cdDIO EM DRACENA\/SP.<\/strong><\/p>\n<p style=\"text-align: justify;\">Tentativa de homic\u00eddio<\/p>\n<p style=\"text-align: justify;\">Data: 28SET19 \u00e0s 08h14min.<\/p>\n<p style=\"text-align: justify;\">Endere\u00e7o: Rua Vin\u00edcius de Mores,381\u2013Jd. Brasil\u00e2ndia- Dracena\/SP.<\/p>\n<p style=\"text-align: justify;\">Autor:L.P.S (80 anos)<\/p>\n<p style=\"text-align: justify;\">V\u00edtima: V.A.S (67 anos)<strong>\u00a0<\/strong><\/p>\n<p style=\"text-align: justify;\">Na data de 28SET por volta das 08h141min no local houve um desentendimento entre as partes no interior de um bar e o autor 01 ap\u00f3s discuss\u00e3o com a v\u00edtima 01que havia pego uma cadeira para agred\u00ed-lo e que pegou um canivete e desferiu um golpe na v\u00edtima 01e posterior tomou sentido a sua casa. A v\u00edtima 01 foi socorrida pela Unidade de Resgate ao pronto socorro municipal onde permaneceu sob cuidados m\u00e9dicos. Foram apreendidos um canivete sem marca aparente e duas c\u00e2meras tipo olho de peixe no local.<\/p>\n<p style=\"text-align: justify;\"><strong>SEMPRE ATENTOS: POL\u00cdCIA MILITAR APREENDE MAIS DE 2000 MIL REL\u00d3GIOS EM FISCALIZA\u00c7\u00c3O.<\/strong><\/p>\n<p style=\"text-align: justify;\">Contrabando\/Descaminho<\/p>\n<p style=\"text-align: justify;\">Data: 28SET19 \u00e0s 09h51min.<\/p>\n<p style=\"text-align: justify;\">Endere\u00e7o: Rod. SP 294 KM 683\u2013 Paulic\u00e9ia\/SP.<\/p>\n<p style=\"text-align: justify;\">Indiciado:K.L.O.R (41 anos)<\/p>\n<p style=\"text-align: justify;\">Parte n\u00e3o definida: C.M.C.A (42 anos)<\/p>\n<p style=\"text-align: justify;\">Apreens\u00e3o: 2000 mil rel\u00f3gios de pulso oriundos do Paraguai e 01 ve\u00edculo Fiat\/Palio Weekend Adventure Flex ano 2009, cor preta.<\/p>\n<p style=\"text-align: justify;\">No dia 28SET por volta das 09h51min ap\u00f3s informa\u00e7\u00e3o via COPOM de que um ve\u00edculo estaria trafegando na SP-294 no sentido MS x SP, e que estaria transportando mercadorias oriundas do Paraguai sem nota fiscal.<\/p>\n<p style=\"text-align: justify;\">Iniciamos o patrulhamento logrando \u00eaxito em abordar o ve\u00edculo Fiat\/Palio Wek Adven. flex bem como o casal K. L.O. R. e C. M. C. A., os quais prontamente confessaram que seu ve\u00edculo estaria carregado com 10 caixas contendo aproximadamente 2000 rel\u00f3gios de marcas e modelos diversos.<\/p>\n<p style=\"text-align: justify;\">Conduzidos ao Departamento de Policia Federal de Ara\u00e7atuba sendo autuado em flagrante pelo crime de descaminho, apreendendo o ve\u00edculo. Ao indiciado foi estipulado fian\u00e7a de 01 sal\u00e1rio m\u00ednimo, que ao ser paga foi liberado.<\/p>\n<p style=\"text-align: justify;\"><strong>POL\u00cdCIA MILITAR PRENDE 03 HOMENS POR TR\u00c1FICO DE DROGAS EM OSVALDO CRUZ.<\/strong><\/p>\n<p style=\"text-align: justify;\">Tr\u00e1fico de drogas &#8211; Flagrante<\/p>\n<p style=\"text-align: justify;\">Data: 28SET19 \u00e0s 01h24min.<\/p>\n<p style=\"text-align: justify;\">Endere\u00e7o: Rua Dr. Miranda, 1154 \u2013 Centro \u2013 Osvaldo Cruz\/SP.<\/p>\n<p style=\"text-align: justify;\">Condutor: V.W.B.S (24 anos)<\/p>\n<p style=\"text-align: justify;\">Autor 01:J.P.S.S (20 anos)<\/p>\n<p style=\"text-align: justify;\">Autor 02: M.H.N.G (18 anos)<\/p>\n<p style=\"text-align: justify;\">Autor 03: P.V.P (18 anos)<\/p>\n<p style=\"text-align: justify;\">Apreens\u00f5es: coca\u00edna 0,023 Kg e 0,003 Kg de maconha.<\/p>\n<p style=\"text-align: justify;\">No dia 28SET por volta das 01h24min local a guarni\u00e7\u00e3o realizava uma fiscaliza\u00e7\u00e3o de tr\u00e2nsito momento em que a equipe da Pol\u00edcia Militar abordou o ve\u00edculo VW\/gol 1.6 com 04 ocupantes em busca pessoal em P.V.P (18 anos) foi encontrado no bolso da bermuda um inv\u00f3lucro pl\u00e1stico transparente contendo uma subst\u00e2ncia branca aparentando ser coca\u00edna indagado alegou ser de sua propriedade e nos demais nada foi localizado. Ap\u00f3s realizar vistoria no ve\u00edculo foi encontrado no acento do banco traseiro uma carteira contendo 05 pinos transparente de cor azul e no interior uma subst\u00e2ncia branca aparentando ser coca\u00edna sendo esta carteira de propriedade de M.H.N.G (18 anos) onde havia sua identidade \u00a0e ao ser indagado sobre o entorpecente disse ser de do j\u00e1 citado autor que pediu para guardar, e no porta luvas foi localizado mais 11 pinos e 01 inv\u00f3lucro de pl\u00e1stico na cor transparente no interior uma subst\u00e2ncia esverdeada aparentando ser maconha, e no interior dos pinos transparente contendo uma subst\u00e2ncia branca aparentando ser coca\u00edna, indagado sobre o entorpecente P.V.P assumiu ser de sua propriedade, e tamb\u00e9m foi localizado uma carteira vermelha contendo 04 pinos transparentes de cor azul e no interior uma subst\u00e2ncia branca aparentando ser coca\u00edna e no interior da carteira havia um documento pertencente \u00e0 J.P.S (20 anos).Diante dos fatos foi dado voz de pris\u00e3o em flagrante delito permanecendo tr\u00eas indiv\u00edduos \u00e0 disposi\u00e7\u00e3o da Justi\u00e7a, sendo V.W.B.S (24 anos) liberado.<\/p>\n<p style=\"text-align: justify;\"><strong>05 MAIORES E 01 MENOR S\u00c3O ABORDADOS NA POSSE DE DROGA EM PACAMEB\u00da COM 23 PINOS DE COCA\u00cdNA.<\/strong><\/p>\n<p style=\"text-align: justify;\">Tr\u00e1fico de drogas<\/p>\n<p style=\"text-align: justify;\">Data: 28SET19 \u00e0s 01h30min.<\/p>\n<p style=\"text-align: justify;\">Endere\u00e7o: Rodovia SP 294 Km 615 \u2013 Pacaembu\/SP.<\/p>\n<p style=\"text-align: justify;\">Indiciado 01:M.R.F (27 anos)<\/p>\n<p style=\"text-align: justify;\">Indiciado 02: A.F.O (20 anos)<\/p>\n<p style=\"text-align: justify;\">Indiciado 03: M.J.C.M (21 anos)<\/p>\n<p style=\"text-align: justify;\">Indiciado 04: H.N.R (19 anos)<\/p>\n<p style=\"text-align: justify;\">Indiciada 05: J.M.R (22 anos)<\/p>\n<p style=\"text-align: justify;\">Sindicado: 15 anos<\/p>\n<p style=\"text-align: justify;\">Apreens\u00f5es: 23 pinos de coca\u00edna (0,018kg)<\/p>\n<p style=\"text-align: justify;\">No dia 28SET por volta das 01h30min a equipe da Pol\u00edcia Militar deparoucom um ve\u00edculo sendo conduzido por M.R.F, que possui em seu desfavor den\u00fancias de tr\u00e1fico de entorpecentes; onde retornando e ao dar ordem de parada com os sinais luminosos e sonoros acionados, foi visualizado o passageiro posteriormente identificado como H.N.R arremessar alguns objetos para fora do ve\u00edculo. Ap\u00f3s busca pessoal nos ocupantes, foi localizado no assoalho em que estava o passageiro supracitado tr\u00eas pinos de uma subst\u00e2ncia aparentando ser coca\u00edna, onde ao retornar para o local onde haviam sido dispensados os objetos, foram localizados mais 20 pinos id\u00eanticos aos encontrados no interior do ve\u00edculo.\u00a0Autores permaneceram \u00e0 disposi\u00e7\u00e3o da Justi\u00e7a.<\/p>\n<p style=\"text-align: justify;\"><strong>SEMPRE ATENTOS: POL\u00cdCIA MILITAR PRENDE INDIV\u00cdDUO POR TR\u00c1FICO DE DROGAS EM JUNQUEIR\u00d3POLIS COM 23 POR\u00c7\u00d5ES DE DROGA PRONTA PARA A VENDA.<\/strong><\/p>\n<p style=\"text-align: justify;\">Tr\u00e1fico de drogas<\/p>\n<p style=\"text-align: justify;\">Data: 27SET19 \u00e0s 21h25min.<\/p>\n<p style=\"text-align: justify;\">Endere\u00e7o: Rua S\u00e3o Luiz, 890 \u2013 Jardim Paulista \u2013 Junqueir\u00f3polis\/SP.<\/p>\n<p style=\"text-align: justify;\">Autor:R.N.A (23 anos)<\/p>\n<p style=\"text-align: justify;\">Apreens\u00f5es: 03 por\u00e7\u00f5es de coca\u00edna pesando 0,003 Kg e 20 por\u00e7\u00f5es de crack pesando 0,004kg<strong>\u00a0<\/strong><\/p>\n<p style=\"text-align: justify;\">No dia 27SET por volta das 21h25min durante patrulhamento de For\u00e7a T\u00e1tica pelo munic\u00edpio de Junqueir\u00f3polis, notamos dois indiv\u00edduos debaixo de uma \u00e1rvore e durante a abordagem foi notado que um terceiro indiv\u00edduo saia da casa, mas ao notar a presen\u00e7a da equipe retornou jogando algo pela janela, sendo abordado nos fundos da resid\u00eancia e identificado sendo R.N.A (23 anos). Retornando para verificar o que havia dispensado, foi localizado uma nota de R$50,00 e 03 por\u00e7\u00f5es de coca\u00edna. J\u00e1 em buscas na resid\u00eancia foi localizado mais 20 por\u00e7\u00f5es de crack dentro de um t\u00eanis. Diante foi dado voz de pris\u00e3o em flagrante permanecendo \u00e0 disposi\u00e7\u00e3o da Justi\u00e7a.<\/p>\n<p style=\"text-align: justify;\"><strong>POL\u00cdCIA MILITAR PRENDE HOMEM POR TR\u00c1FICO DE DROGAS EM JUNQUEIR\u00d3POLIS.<\/strong><\/p>\n<p style=\"text-align: justify;\">Tr\u00e1fico de drogas<\/p>\n<p style=\"text-align: justify;\">Data: 27SET19 \u00e0s 12h45min.<\/p>\n<p style=\"text-align: justify;\">Endere\u00e7o: Rua Professora Vera Lacativa, 448 \u2013 Jardim Alvorada \u2013 Junqueir\u00f3polis\/SP.<\/p>\n<p style=\"text-align: justify;\">Autor:W.A.N (21 anos)<\/p>\n<p style=\"text-align: justify;\">Apreens\u00e3o: 0,283 Kg de maconha.<strong>\u00a0<\/strong><\/p>\n<p style=\"text-align: justify;\">No dia 27SET por volta das 12h45min durante patrulhamento de For\u00e7a T\u00e1tica pelo munic\u00edpio de Junqueir\u00f3polis, de posse de diversas den\u00fancias de tr\u00e1fico de drogas. Foi realizado abordagem e busca domiciliar, sendo encontrado em um buraco no muro uma embalagem pl\u00e1stica contendo em seu interior 10 (dez) por\u00e7\u00f5es de maconha prontas para venda. Solicitado apoio do canil, foi feito buscas na resid\u00eancia onde a cadela Mirra localizou enterrado em um monte de areia no quintal 01 (um) tablete de maconha. Diante dos fatos, dado voz de pris\u00e3o em flagrante delito pelo cometimento do crime de tr\u00e1fico de drogas permanecendo \u00e0 disposi\u00e7\u00e3o da Justi\u00e7a.<\/p>\n<p style=\"text-align: justify;\"><strong>POL\u00cdCIA MILITAR PRENDE CONDENADO DA JUSTI\u00c7A EM FL\u00d3RIDA PAULISTA AP\u00d3S DEN\u00daNCIA DE TR\u00c1FICO DE DROGAS.<\/strong><\/p>\n<p style=\"text-align: justify;\">Condenado Capturado<\/p>\n<p style=\"text-align: justify;\">Data: 29SET19 \u00e0s 14h03min.<\/p>\n<p style=\"text-align: justify;\">Endere\u00e7o: Rua Francisco Dias das Neves, 218 \u2013 Centro \u2013 Fl\u00f3rida Paulista\/SP.<\/p>\n<p style=\"text-align: justify;\">Autor:J.P.R.A<\/p>\n<p style=\"text-align: justify;\">Na data de 29SET por volta das 14h03min a equipe da Pol\u00edcia Militar foi acionada para atendimento de ocorr\u00eancia tratando-se de individuo de nome J.P.R.A, ao ser abordado portou-se com bastante nervosismo sendo que em consulta foi constatado mandado de pris\u00e3o civil de 60 dias, referente o foro de Pacaembu, permanecendo \u00e0 disposi\u00e7\u00e3o da Justi\u00e7a.<\/p>\n<p style=\"text-align: justify;\">#25BPMI<\/p>\n<p style=\"text-align: justify;\">#POLICIAMILITARSP<\/p>\n<p style=\"text-align: justify;\">#AFOR\u00c7AP\u00daBLICADES\u00c3OPAULO<\/p>\n<p style=\"text-align: justify;\">Fonte: COMUNICA\u00c7\u00c3O SOCIAL DO 25\u00ba BPM\/I &#8211; Dracena e regi\u00e3o.<\/p>\n","protected":false},"excerpt":{"rendered":"<p>BRIGA EM BAR TERMINA EM TENTATIVA DE HOMIC\u00cdDIO EM DRACENA\/SP. Tentativa de homic\u00eddio Data: 28SET19 \u00e0s 08h14min. Endere\u00e7o: Rua Vin\u00edcius de Mores,381\u2013Jd. Brasil\u00e2ndia- Dracena\/SP. Autor:L.P.S (80 anos) V\u00edtima: V.A.S (67 anos)\u00a0 Na data de 28SET por volta das 08h141min no local houve um desentendimento entre as partes no interior de um bar e o autor [&hellip;]<\/p>\n","protected":false},"author":1,"featured_media":7621,"comment_status":"closed","ping_status":"open","sticky":false,"template":"","format":"standard","meta":{"footnotes":""},"categories":[110,2],"tags":[],"class_list":["post-7620","post","type-post","status-publish","format-standard","has-post-thumbnail","hentry","category-noticiasdestaque","category-policial"],"_links":{"self":[{"href":"https:\/\/jorgezanoni.com.br\/2019\/wp-json\/wp\/v2\/posts\/7620","targetHints":{"allow":["GET"]}}],"collection":[{"href":"https:\/\/jorgezanoni.com.br\/2019\/wp-json\/wp\/v2\/posts"}],"about":[{"href":"https:\/\/jorgezanoni.com.br\/2019\/wp-json\/wp\/v2\/types\/post"}],"author":[{"embeddable":true,"href":"https:\/\/jorgezanoni.com.br\/2019\/wp-json\/wp\/v2\/users\/1"}],"replies":[{"embeddable":true,"href":"https:\/\/jorgezanoni.com.br\/2019\/wp-json\/wp\/v2\/comments?post=7620"}],"version-history":[{"count":0,"href":"https:\/\/jorgezanoni.com.br\/2019\/wp-json\/wp\/v2\/posts\/7620\/revisions"}],"wp:featuredmedia":[{"embeddable":true,"href":"https:\/\/jorgezanoni.com.br\/2019\/wp-json\/wp\/v2\/media\/7621"}],"wp:attachment":[{"href":"https:\/\/jorgezanoni.com.br\/2019\/wp-json\/wp\/v2\/media?parent=7620"}],"wp:term":[{"taxonomy":"category","embeddable":true,"href":"https:\/\/jorgezanoni.com.br\/2019\/wp-json\/wp\/v2\/categories?post=7620"},{"taxonomy":"post_tag","embeddable":true,"href":"https:\/\/jorgezanoni.com.br\/2019\/wp-json\/wp\/v2\/tags?post=7620"}],"curies":[{"name":"wp","href":"https:\/\/api.w.org\/{rel}","templated":true}]}}