{"id":76197,"date":"2023-05-14T20:41:06","date_gmt":"2023-05-14T20:41:06","guid":{"rendered":"https:\/\/jorgezanoni.com.br\/2019\/?p=76197"},"modified":"2023-05-14T20:41:06","modified_gmt":"2023-05-14T20:41:06","slug":"morre-a-senhora-espedita-aparecida-do-carmo-andrade","status":"publish","type":"post","link":"https:\/\/jorgezanoni.com.br\/2019\/morre-a-senhora-espedita-aparecida-do-carmo-andrade\/","title":{"rendered":"Morre a senhora Espedita Aparecida do Carmo Andrade"},"content":{"rendered":"<p style=\"text-align: justify;\">Comunicamos com pesar o falecimento da senhora Espedita Aparecida do Carmo Andrade de 79 anos, esposa de Jos\u00e9 Jo\u00e3o de Andrade advogado e ex-oficial de justi\u00e7a.<\/p>\n<p style=\"text-align: justify;\">Deixa o esposa, filhos, netos, demais familiares e amigos.<\/p>\n<p style=\"text-align: justify;\">Mensagem da Igreja Presbiteriana de Dracena:<\/p>\n<div class=\"xdj266r x11i5rnm xat24cr x1mh8g0r x1vvkbs x126k92a\" style=\"text-align: justify;\">\n<div dir=\"auto\">Hoje n\u00f3s nos despedimos da nossa querida irm\u00e3 em Cristo, Espedita Aparecida do Carmo Andrade, que, carinhosamente chamamos de Cidinha ou Tia Cida.<\/div>\n<div dir=\"auto\">Somos gratos a Deus pelo tempo em que nosso Senhor nos concedeu a presen\u00e7a am\u00e1vel e engajada da irm\u00e3 Cidinha; dedicada no servi\u00e7o, tanto na igreja da qual ela foi membro, quanto na Associa\u00e7\u00e3o Projeto Esperan\u00e7a, da qual ela foi s\u00f3cia fundadora, coautora de um legado que permanece.<\/div>\n<div dir=\"auto\">Faleceu no dia das m\u00e3es. Aquela que \u00e9 m\u00e3e da Andr\u00e9ia e do Andr\u00e9 Andrade, mas, foi professora e tia e m\u00e3e para muitas outras pessoas.<\/div>\n<div dir=\"auto\">Deus console nosso irm\u00e3o Andrade e familiares e a todos n\u00f3s.<\/div>\n<div dir=\"auto\">Hoje choramos, mas com gratid\u00e3o a Deus pela vida da nossa irm\u00e3 que completou sua miss\u00e3o.<\/div>\n<div dir=\"auto\">Realizaremos um *Culto de A\u00e7\u00e3o de Gra\u00e7as amanh\u00e3, 15\/05\/2023, \u00e0s 15h00*. Ap\u00f3s, nossa irm\u00e3 ser\u00e1 sepultada em Dracena \u00e0s 16h00.<\/div>\n<\/div>\n<div class=\"x11i5rnm xat24cr x1mh8g0r x1vvkbs xtlvy1s x126k92a\">\n<div dir=\"auto\" style=\"text-align: justify;\">Anatote Lopes, Pastor de IPD<\/div>\n<\/div>\n","protected":false},"excerpt":{"rendered":"<p>Comunicamos com pesar o falecimento da senhora Espedita Aparecida do Carmo Andrade de 79 anos, esposa de Jos\u00e9 Jo\u00e3o de Andrade advogado e ex-oficial de justi\u00e7a. Deixa o esposa, filhos, netos, demais familiares e amigos. Mensagem da Igreja Presbiteriana de Dracena: Hoje n\u00f3s nos despedimos da nossa querida irm\u00e3 em Cristo, Espedita Aparecida do Carmo [&hellip;]<\/p>\n","protected":false},"author":1,"featured_media":76198,"comment_status":"closed","ping_status":"open","sticky":false,"template":"","format":"standard","meta":{"footnotes":""},"categories":[178,110],"tags":[],"class_list":["post-76197","post","type-post","status-publish","format-standard","has-post-thumbnail","hentry","category-notadefalecimento","category-noticiasdestaque"],"_links":{"self":[{"href":"https:\/\/jorgezanoni.com.br\/2019\/wp-json\/wp\/v2\/posts\/76197","targetHints":{"allow":["GET"]}}],"collection":[{"href":"https:\/\/jorgezanoni.com.br\/2019\/wp-json\/wp\/v2\/posts"}],"about":[{"href":"https:\/\/jorgezanoni.com.br\/2019\/wp-json\/wp\/v2\/types\/post"}],"author":[{"embeddable":true,"href":"https:\/\/jorgezanoni.com.br\/2019\/wp-json\/wp\/v2\/users\/1"}],"replies":[{"embeddable":true,"href":"https:\/\/jorgezanoni.com.br\/2019\/wp-json\/wp\/v2\/comments?post=76197"}],"version-history":[{"count":1,"href":"https:\/\/jorgezanoni.com.br\/2019\/wp-json\/wp\/v2\/posts\/76197\/revisions"}],"predecessor-version":[{"id":76199,"href":"https:\/\/jorgezanoni.com.br\/2019\/wp-json\/wp\/v2\/posts\/76197\/revisions\/76199"}],"wp:featuredmedia":[{"embeddable":true,"href":"https:\/\/jorgezanoni.com.br\/2019\/wp-json\/wp\/v2\/media\/76198"}],"wp:attachment":[{"href":"https:\/\/jorgezanoni.com.br\/2019\/wp-json\/wp\/v2\/media?parent=76197"}],"wp:term":[{"taxonomy":"category","embeddable":true,"href":"https:\/\/jorgezanoni.com.br\/2019\/wp-json\/wp\/v2\/categories?post=76197"},{"taxonomy":"post_tag","embeddable":true,"href":"https:\/\/jorgezanoni.com.br\/2019\/wp-json\/wp\/v2\/tags?post=76197"}],"curies":[{"name":"wp","href":"https:\/\/api.w.org\/{rel}","templated":true}]}}