{"id":7616,"date":"2019-09-30T12:45:41","date_gmt":"2019-09-30T12:45:41","guid":{"rendered":"https:\/\/jorgezanoni.com.br\/2019\/?p=7616"},"modified":"2019-09-30T12:46:27","modified_gmt":"2019-09-30T12:46:27","slug":"hoje-comemora-se-hoje-o-dia-da-secretaria","status":"publish","type":"post","link":"https:\/\/jorgezanoni.com.br\/2019\/hoje-comemora-se-hoje-o-dia-da-secretaria\/","title":{"rendered":"Hoje comemora-se &#8220;O dia da Secret\u00e1ria&#8221;"},"content":{"rendered":"<p style=\"text-align: justify;\">O\u00a0<strong>Dia da Secret\u00e1ria<\/strong>\u00a0\u00e9 comemorado anualmente em\u00a0<strong>30 de setembro<\/strong>\u00a0no Brasil.<\/p>\n<p style=\"text-align: justify;\">A data foi criada para homenagear as profissionais da \u00e1rea, real\u00e7ando a import\u00e2ncia do seu trabalho para o bom funcionamento das empresas.<\/p>\n<p style=\"text-align: justify;\">As secret\u00e1rias s\u00e3o respons\u00e1veis por ajudar na organiza\u00e7\u00e3o, log\u00edstica e atendimento ao p\u00fablico e clientes da empresa, organiza\u00e7\u00e3o ou institui\u00e7\u00e3o para a qual trabalha.<\/p>\n<p style=\"text-align: justify;\">Existem cursos espec\u00edficos de secretariado para capacitar os profissionais que desejam seguir esta \u00e1rea.<\/p>\n<p style=\"text-align: justify;\">Mesmo sendo as mulheres as principais homenageadas no Dia da Secret\u00e1ria, vale lembrar que os homens tamb\u00e9m ocupam este cargo e devem ser homenageados tamb\u00e9m.<\/p>\n<p style=\"text-align: justify;\"><strong>N\u00e3o pare por aqui, leia tamb\u00e9m<\/strong>:\u00a0<a href=\"https:\/\/www.calendarr.com\/brasil\/dia-internacional-da-mulher-8-de-marco\/\">Dia da Mulher<\/a>.<\/p>\n<h2 style=\"text-align: justify;\">Mensagens para o Dia da Secret\u00e1ria<\/h2>\n<p style=\"text-align: justify;\"><em>&#8220;Sabemos que voc\u00ea \u00e9 uma pessoa aut\u00eantica, com muito trabalho, mas ou\u00e7a um momento: voc\u00ea j\u00e1 parou para analisar o seu papel nesse local? Sem voc\u00ea nada caminha, o seu chefe fica sem ponto de partida, as viagens n\u00e3o ocorrem conforme o previsto, os clientes se atropelam, e ningu\u00e9m se entende. Voc\u00ea \u00e9 a pe\u00e7a que n\u00e3o pode faltar nesse quebra-cabe\u00e7a. Nada pode ser feito sem voc\u00ea. Parab\u00e9ns pelo seu dia!&#8221;<\/em><\/p>\n<p style=\"text-align: justify;\"><em>&#8220;Secret\u00e1ria \u00e9 uma pessoa que sabe guardar segredos e o segredo do nosso sucesso tem sido contar com a sua felicidade e efici\u00eancia! Parab\u00e9ns!&#8221;<\/em><\/p>\n<p style=\"text-align: justify;\"><em>&#8220;Seu trabalho \u00e9 importante&#8230; Por\u00e9m, muito mais \u00e9 a confian\u00e7a adquirida, virtude rara, s\u00f3 presente em pessoas voltadas para o verdadeiro sucesso&#8221;.<\/em><\/p>\n<h2 style=\"text-align: justify;\">Origem do Dia da Secret\u00e1ria<\/h2>\n<p style=\"text-align: justify;\">No dia\u00a0<strong>30 de setembro de 1850<\/strong>\u00a0nasceu\u00a0<strong>Lilian Sholes<\/strong>, filha do inventor da m\u00e1quina de escrever, Christopher Sholes, e que viria a se tornar a primeira mulher a usar o &#8220;aparelho revolucion\u00e1rio&#8221; em p\u00fablico, tornando-se um s\u00edmbolo durante a segunda fase da Revolu\u00e7\u00e3o Industrial.<\/p>\n<p style=\"text-align: justify;\">Quando Lilian completou 100 anos (1950), muitas empresas, para comemorar o centen\u00e1rio da filha do inventor da m\u00e1quina de datilografar, decidiram criar um concurso para eleger a melhor datil\u00f3grafa.<\/p>\n<p style=\"text-align: justify;\">O concurso fez muito sucesso e come\u00e7ou a ser repetido todos os anos. E como a maioria das participantes eram secret\u00e1rias, o dia 30 de setembro passou a ser popularmente conhecido como o &#8220;Dia da Secret\u00e1ria&#8221;.<\/p>\n<p style=\"text-align: justify;\">Em S\u00e3o Paulo, a\u00a0<strong>lei n\u00ba 1.421, de 26\/10\/1977<\/strong>, oficializa o dia 30 de Setembro como o &#8220;Dia da Secret\u00e1ria&#8221;.<\/p>\n<p style=\"text-align: justify;\">Fonte: https:\/\/www.calendarr.com\/brasil\/dia-da-secretaria\/<\/p>\n","protected":false},"excerpt":{"rendered":"<p>O\u00a0Dia da Secret\u00e1ria\u00a0\u00e9 comemorado anualmente em\u00a030 de setembro\u00a0no Brasil. A data foi criada para homenagear as profissionais da \u00e1rea, real\u00e7ando a import\u00e2ncia do seu trabalho para o bom funcionamento das empresas. As secret\u00e1rias s\u00e3o respons\u00e1veis por ajudar na organiza\u00e7\u00e3o, log\u00edstica e atendimento ao p\u00fablico e clientes da empresa, organiza\u00e7\u00e3o ou institui\u00e7\u00e3o para a qual trabalha. [&hellip;]<\/p>\n","protected":false},"author":1,"featured_media":7617,"comment_status":"closed","ping_status":"open","sticky":false,"template":"","format":"standard","meta":{"footnotes":""},"categories":[114,110],"tags":[],"class_list":["post-7616","post","type-post","status-publish","format-standard","has-post-thumbnail","hentry","category-geralecomercio","category-noticiasdestaque"],"_links":{"self":[{"href":"https:\/\/jorgezanoni.com.br\/2019\/wp-json\/wp\/v2\/posts\/7616","targetHints":{"allow":["GET"]}}],"collection":[{"href":"https:\/\/jorgezanoni.com.br\/2019\/wp-json\/wp\/v2\/posts"}],"about":[{"href":"https:\/\/jorgezanoni.com.br\/2019\/wp-json\/wp\/v2\/types\/post"}],"author":[{"embeddable":true,"href":"https:\/\/jorgezanoni.com.br\/2019\/wp-json\/wp\/v2\/users\/1"}],"replies":[{"embeddable":true,"href":"https:\/\/jorgezanoni.com.br\/2019\/wp-json\/wp\/v2\/comments?post=7616"}],"version-history":[{"count":0,"href":"https:\/\/jorgezanoni.com.br\/2019\/wp-json\/wp\/v2\/posts\/7616\/revisions"}],"wp:featuredmedia":[{"embeddable":true,"href":"https:\/\/jorgezanoni.com.br\/2019\/wp-json\/wp\/v2\/media\/7617"}],"wp:attachment":[{"href":"https:\/\/jorgezanoni.com.br\/2019\/wp-json\/wp\/v2\/media?parent=7616"}],"wp:term":[{"taxonomy":"category","embeddable":true,"href":"https:\/\/jorgezanoni.com.br\/2019\/wp-json\/wp\/v2\/categories?post=7616"},{"taxonomy":"post_tag","embeddable":true,"href":"https:\/\/jorgezanoni.com.br\/2019\/wp-json\/wp\/v2\/tags?post=7616"}],"curies":[{"name":"wp","href":"https:\/\/api.w.org\/{rel}","templated":true}]}}