{"id":7609,"date":"2019-09-30T12:24:49","date_gmt":"2019-09-30T12:24:49","guid":{"rendered":"https:\/\/jorgezanoni.com.br\/2019\/?p=7609"},"modified":"2019-09-30T12:27:51","modified_gmt":"2019-09-30T12:27:51","slug":"carro-da-policia-rodoviaria-se-envolve-em-acidente-e-4-pessoas-ficam-feridas-em-assispolicial-e-outras-tres-pessoas-que-estavam-em-outro-carro-tiveram-ferimentos-leves","status":"publish","type":"post","link":"https:\/\/jorgezanoni.com.br\/2019\/carro-da-policia-rodoviaria-se-envolve-em-acidente-e-4-pessoas-ficam-feridas-em-assispolicial-e-outras-tres-pessoas-que-estavam-em-outro-carro-tiveram-ferimentos-leves\/","title":{"rendered":"Carro da Pol\u00edcia Rodovi\u00e1ria se envolve em acidente e 4 pessoas ficam feridas em Assis"},"content":{"rendered":"<h2 class=\"content-head__subtitle\" style=\"text-align: justify;\"><strong>Policial e outras tr\u00eas pessoas que estavam em outro carro tiveram ferimentos leves.<\/strong><\/h2>\n<p style=\"text-align: justify;\"><img loading=\"lazy\" decoding=\"async\" class=\"alignnone size-full wp-image-7610\" src=\"https:\/\/jorgezanoni.com.br\/2019\/wp-content\/uploads\/2019\/09\/rodo.jpeg\" alt=\"\" width=\"1000\" height=\"700\" srcset=\"https:\/\/jorgezanoni.com.br\/2019\/wp-content\/uploads\/2019\/09\/rodo.jpeg 1000w, https:\/\/jorgezanoni.com.br\/2019\/wp-content\/uploads\/2019\/09\/rodo-300x210.jpeg 300w, https:\/\/jorgezanoni.com.br\/2019\/wp-content\/uploads\/2019\/09\/rodo-768x538.jpeg 768w, https:\/\/jorgezanoni.com.br\/2019\/wp-content\/uploads\/2019\/09\/rodo-100x70.jpeg 100w, https:\/\/jorgezanoni.com.br\/2019\/wp-content\/uploads\/2019\/09\/rodo-696x487.jpeg 696w, https:\/\/jorgezanoni.com.br\/2019\/wp-content\/uploads\/2019\/09\/rodo-600x420.jpeg 600w\" sizes=\"auto, (max-width: 1000px) 100vw, 1000px\" \/>Viatura atingiu o carro que cruzava a rodovia pr\u00f3ximo a Assis \u2014 Foto: Arquivo pessoal<\/p>\n<div class=\"mc-column content-text active-extra-styles \" style=\"text-align: justify;\" data-block-type=\"unstyled\" data-block-weight=\"20\" data-block-id=\"2\">\n<p class=\"content-text__container \" data-track-category=\"Link no Texto\" data-track-links=\"\">Quatro pessoas ficaram feridas em um acidente na Rodovia Rachid Rayes, pr\u00f3ximo a Assis, na noite de s\u00e1bado (28).<\/p>\n<\/div>\n<div class=\"wall protected-content\">\n<div class=\"mc-column content-text active-extra-styles \" style=\"text-align: justify;\" data-block-type=\"unstyled\" data-block-weight=\"23\" data-block-id=\"3\">\n<p class=\"content-text__container \" data-track-category=\"Link no Texto\" data-track-links=\"\">Uma viatura da Pol\u00edcia Rodovi\u00e1ria transitava pela rodovia no sentido Mar\u00edlia &#8211; Assis quando bateu em um carro que atravessou a via.<\/p>\n<\/div>\n<div class=\"mc-column content-text active-extra-styles \" style=\"text-align: justify;\" data-block-type=\"unstyled\" data-block-weight=\"33\" data-block-id=\"4\">\n<p class=\"content-text__container \" data-track-category=\"Link no Texto\" data-track-links=\"\">Com o impacto, um policial militar e tr\u00eas pessoas do outro ve\u00edculo tiveram ferimentos leves. Eles foram socorridos pelos bombeiros e pelo resgate da concession\u00e1ria para a Unidade de Pronto-atendimento de Assis.<\/p>\n<\/div>\n<div class=\"mc-column content-text active-extra-styles \" data-block-type=\"unstyled\" data-block-weight=\"13\" data-block-id=\"5\">\n<p class=\"content-text__container \" style=\"text-align: justify;\" data-track-category=\"Link no Texto\" data-track-links=\"\">A Pol\u00edcia Rodovi\u00e1ria vai abrir uma sindic\u00e2ncia para apurar as causas do acidente.<\/p>\n<p style=\"text-align: justify;\" data-track-category=\"Link no Texto\" data-track-links=\"\">Fonte: G1<\/p>\n<p data-track-category=\"Link no Texto\" data-track-links=\"\">\n<\/div>\n<\/div>\n","protected":false},"excerpt":{"rendered":"<p>Policial e outras tr\u00eas pessoas que estavam em outro carro tiveram ferimentos leves. Viatura atingiu o carro que cruzava a rodovia pr\u00f3ximo a Assis \u2014 Foto: Arquivo pessoal Quatro pessoas ficaram feridas em um acidente na Rodovia Rachid Rayes, pr\u00f3ximo a Assis, na noite de s\u00e1bado (28). Uma viatura da Pol\u00edcia Rodovi\u00e1ria transitava pela rodovia [&hellip;]<\/p>\n","protected":false},"author":1,"featured_media":7611,"comment_status":"closed","ping_status":"open","sticky":false,"template":"","format":"standard","meta":{"footnotes":""},"categories":[170,110],"tags":[],"class_list":["post-7609","post","type-post","status-publish","format-standard","has-post-thumbnail","hentry","category-acidentes","category-noticiasdestaque"],"_links":{"self":[{"href":"https:\/\/jorgezanoni.com.br\/2019\/wp-json\/wp\/v2\/posts\/7609","targetHints":{"allow":["GET"]}}],"collection":[{"href":"https:\/\/jorgezanoni.com.br\/2019\/wp-json\/wp\/v2\/posts"}],"about":[{"href":"https:\/\/jorgezanoni.com.br\/2019\/wp-json\/wp\/v2\/types\/post"}],"author":[{"embeddable":true,"href":"https:\/\/jorgezanoni.com.br\/2019\/wp-json\/wp\/v2\/users\/1"}],"replies":[{"embeddable":true,"href":"https:\/\/jorgezanoni.com.br\/2019\/wp-json\/wp\/v2\/comments?post=7609"}],"version-history":[{"count":0,"href":"https:\/\/jorgezanoni.com.br\/2019\/wp-json\/wp\/v2\/posts\/7609\/revisions"}],"wp:featuredmedia":[{"embeddable":true,"href":"https:\/\/jorgezanoni.com.br\/2019\/wp-json\/wp\/v2\/media\/7611"}],"wp:attachment":[{"href":"https:\/\/jorgezanoni.com.br\/2019\/wp-json\/wp\/v2\/media?parent=7609"}],"wp:term":[{"taxonomy":"category","embeddable":true,"href":"https:\/\/jorgezanoni.com.br\/2019\/wp-json\/wp\/v2\/categories?post=7609"},{"taxonomy":"post_tag","embeddable":true,"href":"https:\/\/jorgezanoni.com.br\/2019\/wp-json\/wp\/v2\/tags?post=7609"}],"curies":[{"name":"wp","href":"https:\/\/api.w.org\/{rel}","templated":true}]}}