{"id":75985,"date":"2023-05-12T15:50:24","date_gmt":"2023-05-12T15:50:24","guid":{"rendered":"https:\/\/jorgezanoni.com.br\/2019\/?p=75985"},"modified":"2023-05-12T23:30:06","modified_gmt":"2023-05-12T23:30:06","slug":"dracena-tempersul-unifadra-joga-na-capital-pela-campeonato-paulista","status":"publish","type":"post","link":"https:\/\/jorgezanoni.com.br\/2019\/dracena-tempersul-unifadra-joga-na-capital-pela-campeonato-paulista\/","title":{"rendered":"Dracena Tempersul Unifadra joga na capital pela Campeonato Paulista  \u00a0"},"content":{"rendered":"<p class=\"v1MsoNormal\" style=\"text-align: justify;\">Neste s\u00e1bado (13), o Dracena Tempersul Unifadra volta \u00e0 quadra, pelo Campeonato Paulista, contra a equipe do Wolfgang, a partir das 20h. O jogo ser\u00e1 no gin\u00e1sio Ciro II, na sede da Federa\u00e7\u00e3o Paulista de Futsal.<\/p>\n<p class=\"v1MsoNormal\" style=\"text-align: justify;\">Este confronto \u00e9 v\u00e1lido pela 5\u00aa rodada da competi\u00e7\u00e3o, a \u00faltima do primeiro turno, e coloca frente a frente o Dracena, terceiro colocado no grupo A com quatro pontos, e o Wolfgang, lanterna na chave e que ainda n\u00e3o pontuou.<\/p>\n<p class=\"v1MsoNormal\" style=\"text-align: justify;\">O duelo tamb\u00e9m marca a estreia do t\u00e9cnico Reginaldo Silva na equipe dracenense. O novo comandante assumiu o time no \u00faltimo domingo (7), ap\u00f3s passagem pela Apaf, de Paranagu\u00e1 (PR).<\/p>\n<p class=\"v1MsoNormal\" style=\"text-align: justify;\">&#8220;Foi uma semana produtiva, de muito trabalho e corre\u00e7\u00f5es&#8221;, disse o comandante dracenense, que ainda falou das expectativas para o jogo contra o Wolfgang. &#8220;Nossa ideia \u00e9 colocar em pr\u00e1tica o que foi desenvolvido, mesmo sendo pouco tempo de trabalho. Acreditamos em algo diferente para esse confronto&#8221;, completou Reginaldo.<\/p>\n<p class=\"v1MsoNormal\" style=\"text-align: justify;\">Para esse duelo o goleiro Tiago e o fixo Lipe seguem fora do time, ainda entregues ao departamento m\u00e9dico da equipe.<\/p>\n<p style=\"text-align: justify;\">Fonte: Assessoria de Imprensa<\/p>\n","protected":false},"excerpt":{"rendered":"<p>Neste s\u00e1bado (13), o Dracena Tempersul Unifadra volta \u00e0 quadra, pelo Campeonato Paulista, contra a equipe do Wolfgang, a partir das 20h. O jogo ser\u00e1 no gin\u00e1sio Ciro II, na sede da Federa\u00e7\u00e3o Paulista de Futsal. Este confronto \u00e9 v\u00e1lido pela 5\u00aa rodada da competi\u00e7\u00e3o, a \u00faltima do primeiro turno, e coloca frente a frente [&hellip;]<\/p>\n","protected":false},"author":1,"featured_media":75991,"comment_status":"closed","ping_status":"open","sticky":false,"template":"","format":"standard","meta":{"footnotes":""},"categories":[111,110],"tags":[],"class_list":["post-75985","post","type-post","status-publish","format-standard","has-post-thumbnail","hentry","category-esporteecultura","category-noticiasdestaque"],"_links":{"self":[{"href":"https:\/\/jorgezanoni.com.br\/2019\/wp-json\/wp\/v2\/posts\/75985","targetHints":{"allow":["GET"]}}],"collection":[{"href":"https:\/\/jorgezanoni.com.br\/2019\/wp-json\/wp\/v2\/posts"}],"about":[{"href":"https:\/\/jorgezanoni.com.br\/2019\/wp-json\/wp\/v2\/types\/post"}],"author":[{"embeddable":true,"href":"https:\/\/jorgezanoni.com.br\/2019\/wp-json\/wp\/v2\/users\/1"}],"replies":[{"embeddable":true,"href":"https:\/\/jorgezanoni.com.br\/2019\/wp-json\/wp\/v2\/comments?post=75985"}],"version-history":[{"count":1,"href":"https:\/\/jorgezanoni.com.br\/2019\/wp-json\/wp\/v2\/posts\/75985\/revisions"}],"predecessor-version":[{"id":75986,"href":"https:\/\/jorgezanoni.com.br\/2019\/wp-json\/wp\/v2\/posts\/75985\/revisions\/75986"}],"wp:featuredmedia":[{"embeddable":true,"href":"https:\/\/jorgezanoni.com.br\/2019\/wp-json\/wp\/v2\/media\/75991"}],"wp:attachment":[{"href":"https:\/\/jorgezanoni.com.br\/2019\/wp-json\/wp\/v2\/media?parent=75985"}],"wp:term":[{"taxonomy":"category","embeddable":true,"href":"https:\/\/jorgezanoni.com.br\/2019\/wp-json\/wp\/v2\/categories?post=75985"},{"taxonomy":"post_tag","embeddable":true,"href":"https:\/\/jorgezanoni.com.br\/2019\/wp-json\/wp\/v2\/tags?post=75985"}],"curies":[{"name":"wp","href":"https:\/\/api.w.org\/{rel}","templated":true}]}}