{"id":75979,"date":"2023-05-12T15:36:33","date_gmt":"2023-05-12T15:36:33","guid":{"rendered":"https:\/\/jorgezanoni.com.br\/2019\/?p=75979"},"modified":"2023-05-12T15:36:33","modified_gmt":"2023-05-12T15:36:33","slug":"anglo-cid-dracena-convida-para-a-feira-de-ciencias-2023","status":"publish","type":"post","link":"https:\/\/jorgezanoni.com.br\/2019\/anglo-cid-dracena-convida-para-a-feira-de-ciencias-2023\/","title":{"rendered":"Anglo-CID Dracena convida para a Feira de Ci\u00eancias 2023"},"content":{"rendered":"<p style=\"text-align: justify;\"><span style=\"font-size: large;\">Nos dias 31\/05 e 01\/06, os alunos do Anglo-CID apresentam seus trabalhos na 24\u00aa edi\u00e7\u00e3o da Feira de Ci\u00eancias do col\u00e9gio e convidam a todos para prestigiar o evento. Realizada anualmente, a feira \u00e9 gratuita, aberta \u00e0 comunidade e \u00e0s escolas p\u00fablicas e particulares de Dracena e regi\u00e3o. Escolas e grupos grandes dever\u00e3o agendar a visita pelo link: <a href=\"https:\/\/forms.gle\/r42ajraMDrpPp4T76\" target=\"_blank\" rel=\"noopener noreferrer\">https:\/\/forms.gle\/r42ajraMDrpPp4T76<\/a><\/span><\/p>\n<p><b><span style=\"font-size: large;\">24\u00aa Feira de Ci\u00eancias do Anglo-CID<\/span><br \/>\n<\/b><span style=\"font-size: large;\"><b>Tema<\/b>: Objetivos de Desenvolvimento Sustent\u00e1vel<\/span><br \/>\n<span style=\"font-size: large;\"><b>31\/05<\/b>: das 8h \u00e0s 12h || das 14h \u00e0s 17h || das 19h \u00e0s 21h<\/span><br \/>\n<span style=\"font-size: large;\"><b>01\/06<\/b>: das 8h \u00e0s 12h<\/span><br \/>\n<span style=\"font-size: large;\"><b>Local<\/b>: Gin\u00e1sio\u00a0<\/span>Galen\u00e3o<span style=\"font-size: large;\">\u00a0(Rua Florian\u00f3polis x Av. Alcides Chacon Couto)<\/span><br \/>\n<span style=\"font-size: large;\"><b>Informa\u00e7\u00f5es<\/b>: (18) 3821-9007<\/span><\/p>\n<p>Fonte: Depto. de Comunica\u00e7\u00e3o da Fundec<\/p>\n","protected":false},"excerpt":{"rendered":"<p>Nos dias 31\/05 e 01\/06, os alunos do Anglo-CID apresentam seus trabalhos na 24\u00aa edi\u00e7\u00e3o da Feira de Ci\u00eancias do col\u00e9gio e convidam a todos para prestigiar o evento. Realizada anualmente, a feira \u00e9 gratuita, aberta \u00e0 comunidade e \u00e0s escolas p\u00fablicas e particulares de Dracena e regi\u00e3o. Escolas e grupos grandes dever\u00e3o agendar a [&hellip;]<\/p>\n","protected":false},"author":1,"featured_media":75980,"comment_status":"closed","ping_status":"open","sticky":false,"template":"","format":"standard","meta":{"footnotes":""},"categories":[110,122],"tags":[],"class_list":["post-75979","post","type-post","status-publish","format-standard","has-post-thumbnail","hentry","category-noticiasdestaque","category-saudeeducacaoeconcurso"],"_links":{"self":[{"href":"https:\/\/jorgezanoni.com.br\/2019\/wp-json\/wp\/v2\/posts\/75979","targetHints":{"allow":["GET"]}}],"collection":[{"href":"https:\/\/jorgezanoni.com.br\/2019\/wp-json\/wp\/v2\/posts"}],"about":[{"href":"https:\/\/jorgezanoni.com.br\/2019\/wp-json\/wp\/v2\/types\/post"}],"author":[{"embeddable":true,"href":"https:\/\/jorgezanoni.com.br\/2019\/wp-json\/wp\/v2\/users\/1"}],"replies":[{"embeddable":true,"href":"https:\/\/jorgezanoni.com.br\/2019\/wp-json\/wp\/v2\/comments?post=75979"}],"version-history":[{"count":1,"href":"https:\/\/jorgezanoni.com.br\/2019\/wp-json\/wp\/v2\/posts\/75979\/revisions"}],"predecessor-version":[{"id":75981,"href":"https:\/\/jorgezanoni.com.br\/2019\/wp-json\/wp\/v2\/posts\/75979\/revisions\/75981"}],"wp:featuredmedia":[{"embeddable":true,"href":"https:\/\/jorgezanoni.com.br\/2019\/wp-json\/wp\/v2\/media\/75980"}],"wp:attachment":[{"href":"https:\/\/jorgezanoni.com.br\/2019\/wp-json\/wp\/v2\/media?parent=75979"}],"wp:term":[{"taxonomy":"category","embeddable":true,"href":"https:\/\/jorgezanoni.com.br\/2019\/wp-json\/wp\/v2\/categories?post=75979"},{"taxonomy":"post_tag","embeddable":true,"href":"https:\/\/jorgezanoni.com.br\/2019\/wp-json\/wp\/v2\/tags?post=75979"}],"curies":[{"name":"wp","href":"https:\/\/api.w.org\/{rel}","templated":true}]}}