{"id":75957,"date":"2023-05-12T00:23:16","date_gmt":"2023-05-12T00:23:16","guid":{"rendered":"https:\/\/jorgezanoni.com.br\/2019\/?p=75957"},"modified":"2023-05-12T00:23:16","modified_gmt":"2023-05-12T00:23:16","slug":"a-importancia-da-autoestima-para-a-saude-mental-por-cidinha-pascoaloto","status":"publish","type":"post","link":"https:\/\/jorgezanoni.com.br\/2019\/a-importancia-da-autoestima-para-a-saude-mental-por-cidinha-pascoaloto\/","title":{"rendered":"A import\u00e2ncia da autoestima para a sa\u00fade mental  (por Cidinha Pascoaloto)"},"content":{"rendered":"<p style=\"text-align: justify;\">\u00a0\u00a0\u00a0\u00a0\u00a0\u00a0\u00a0\u00a0\u00a0\u00a0\u00a0 A autoestima \u00e9 a avalia\u00e7\u00e3o que o indiv\u00edduo faz a respeito de si que envolve valores, sentimentos e pensamentos. A autoestima est\u00e1 relacionada com \u00e0 autoconfian\u00e7a, autoconceito e autovaloriza\u00e7\u00e3o.<\/p>\n<p style=\"text-align: justify;\">A autoconfian\u00e7a indica o quanto o indiv\u00edduo conhece sobre si mesmo e sua capacidade em lidar com as diversas situa\u00e7\u00f5es. O autoconceito \u00e9 a opini\u00e3o que a pessoa tem de si mesma.<\/p>\n<p style=\"text-align: justify;\">\u00a0A autovaloriza\u00e7\u00e3o \u00e9 quando a pessoa identifica seu pr\u00f3prio valor e suas qualidades. Ela \u00e9 constru\u00edda a partir das experi\u00eancias pessoais e da conviv\u00eancia com outras pessoas.<\/p>\n<p style=\"text-align: justify;\">Alguns problemas de sa\u00fade como a depress\u00e3o, problemas alimentares, sexuais, bipolaridade e ansiedade mental influenciam na percep\u00e7\u00e3o que o indiv\u00edduo tem de si de forma negativa e s\u00e3o comuns em pessoas com baixa autoestima.<\/p>\n<p style=\"text-align: justify;\">Nesse caso a autoestima n\u00e3o \u00e9 apenas o jeito como o indiv\u00edduo se sente em rela\u00e7\u00e3o a si, mas tamb\u00e9m o que pensa e como se comporta. Muitas vezes precisam da aprova\u00e7\u00e3o de outras pessoas em suas atitudes e podem sofrer muito quando recebe uma cr\u00edtica de algu\u00e9m ou a recusa de um convite.<\/p>\n<p style=\"text-align: justify;\">O impacto destes fatos pode ser muito grande e leva o indiv\u00edduo ao sofrimento. \u00c9 natural querer ser aceito e valorizado por outras pessoas, mas \u00e9 poss\u00edvel que isso n\u00e3o ocorra com todas as pessoas ao seu redor.<\/p>\n<p style=\"text-align: justify;\">\u00a0Por exemplo: O fim de um relacionamento deixa a pessoa triste, algumas mais tristes e outras menos.\u00a0\u00a0 Se a pessoa estiver com autoestima baixa ela poder\u00e1 achar que n\u00e3o foi suficientemente boa para manter essa rela\u00e7\u00e3o. A baixa autoestima pode interferir no modo como essa pessoa enfrentar\u00e1 esse acontecimento. \u00a0Nesse caso, \u00e9 importante desenvolver estrat\u00e9gias para enfrentar situa\u00e7\u00f5es de crises. A terapia \u00e9 a mais indicada para esses casos.<\/p>\n<p style=\"text-align: justify;\">Mas existem alguns exerc\u00edcios que podem ajudar a melhorar a autoestima, busque em voc\u00ea as habilidades, talentos e qualidades que muitas vezes n\u00e3o s\u00e3o percebidas, essas observa\u00e7\u00f5es podem contribuir para a melhora da autoconfian\u00e7a. Fazer atividades agrad\u00e1veis podem gerar emo\u00e7\u00f5es positivas e bem-estar. Aceite-se plenamente. Identifique quem voc\u00ea \u00e9. O primeiro passo para o processo de mudan\u00e7a \u00e9 aceitar a situa\u00e7\u00e3o atual para, em seguida se comprometer com a mudan\u00e7a.<\/p>\n<p><img loading=\"lazy\" decoding=\"async\" class=\"alignnone size-full wp-image-75958\" src=\"https:\/\/jorgezanoni.com.br\/2019\/wp-content\/uploads\/2023\/05\/Cidinha-Pascoaloto-1.jpg\" alt=\"\" width=\"500\" height=\"755\" srcset=\"https:\/\/jorgezanoni.com.br\/2019\/wp-content\/uploads\/2023\/05\/Cidinha-Pascoaloto-1.jpg 500w, https:\/\/jorgezanoni.com.br\/2019\/wp-content\/uploads\/2023\/05\/Cidinha-Pascoaloto-1-199x300.jpg 199w, https:\/\/jorgezanoni.com.br\/2019\/wp-content\/uploads\/2023\/05\/Cidinha-Pascoaloto-1-278x420.jpg 278w\" sizes=\"auto, (max-width: 500px) 100vw, 500px\" \/><\/p>\n<p style=\"text-align: justify;\">Cidinha Pascoaloto-Psic\u00f3loga-CRP 06\/158174. Presencial e online, contato: (18) 99725-6418<\/p>\n<p style=\"text-align: justify;\">\n<p style=\"text-align: justify;\">\n","protected":false},"excerpt":{"rendered":"<p>\u00a0\u00a0\u00a0\u00a0\u00a0\u00a0\u00a0\u00a0\u00a0\u00a0\u00a0 A autoestima \u00e9 a avalia\u00e7\u00e3o que o indiv\u00edduo faz a respeito de si que envolve valores, sentimentos e pensamentos. A autoestima est\u00e1 relacionada com \u00e0 autoconfian\u00e7a, autoconceito e autovaloriza\u00e7\u00e3o. A autoconfian\u00e7a indica o quanto o indiv\u00edduo conhece sobre si mesmo e sua capacidade em lidar com as diversas situa\u00e7\u00f5es. O autoconceito \u00e9 a opini\u00e3o [&hellip;]<\/p>\n","protected":false},"author":1,"featured_media":75959,"comment_status":"closed","ping_status":"open","sticky":false,"template":"","format":"standard","meta":{"footnotes":""},"categories":[175],"tags":[],"class_list":["post-75957","post","type-post","status-publish","format-standard","has-post-thumbnail","hentry","category-artigos"],"_links":{"self":[{"href":"https:\/\/jorgezanoni.com.br\/2019\/wp-json\/wp\/v2\/posts\/75957","targetHints":{"allow":["GET"]}}],"collection":[{"href":"https:\/\/jorgezanoni.com.br\/2019\/wp-json\/wp\/v2\/posts"}],"about":[{"href":"https:\/\/jorgezanoni.com.br\/2019\/wp-json\/wp\/v2\/types\/post"}],"author":[{"embeddable":true,"href":"https:\/\/jorgezanoni.com.br\/2019\/wp-json\/wp\/v2\/users\/1"}],"replies":[{"embeddable":true,"href":"https:\/\/jorgezanoni.com.br\/2019\/wp-json\/wp\/v2\/comments?post=75957"}],"version-history":[{"count":1,"href":"https:\/\/jorgezanoni.com.br\/2019\/wp-json\/wp\/v2\/posts\/75957\/revisions"}],"predecessor-version":[{"id":75960,"href":"https:\/\/jorgezanoni.com.br\/2019\/wp-json\/wp\/v2\/posts\/75957\/revisions\/75960"}],"wp:featuredmedia":[{"embeddable":true,"href":"https:\/\/jorgezanoni.com.br\/2019\/wp-json\/wp\/v2\/media\/75959"}],"wp:attachment":[{"href":"https:\/\/jorgezanoni.com.br\/2019\/wp-json\/wp\/v2\/media?parent=75957"}],"wp:term":[{"taxonomy":"category","embeddable":true,"href":"https:\/\/jorgezanoni.com.br\/2019\/wp-json\/wp\/v2\/categories?post=75957"},{"taxonomy":"post_tag","embeddable":true,"href":"https:\/\/jorgezanoni.com.br\/2019\/wp-json\/wp\/v2\/tags?post=75957"}],"curies":[{"name":"wp","href":"https:\/\/api.w.org\/{rel}","templated":true}]}}