{"id":75954,"date":"2023-05-11T23:54:30","date_gmt":"2023-05-11T23:54:30","guid":{"rendered":"https:\/\/jorgezanoni.com.br\/2019\/?p=75954"},"modified":"2023-05-11T23:54:30","modified_gmt":"2023-05-11T23:54:30","slug":"policia-militar-prende-homem-em-flagrante-por-furto-em-dracena-5","status":"publish","type":"post","link":"https:\/\/jorgezanoni.com.br\/2019\/policia-militar-prende-homem-em-flagrante-por-furto-em-dracena-5\/","title":{"rendered":"Pol\u00edcia Militar prende homem em flagrante por furto em Dracena"},"content":{"rendered":"<p style=\"text-align: justify;\">Na tarde de hoje (11) por volta das 12h16min a equipe da Pol\u00edcia Militar em Dracena realizava patrulhamento e recebeu informa\u00e7\u00f5es do COPOM que um indiv\u00edduo teria furtado o celular de uma mulher (38 anos) nas proximidades do terminal rodovi\u00e1rio e tomando sentido a linha f\u00e9rrea e com as caracter\u00edsticas passadas foi realizado patrulhamento e pr\u00f3ximo da avenida Expedicion\u00e1rios foi avistado o indiv\u00edduo (homem 40 anos) saindo de um matagal e realizado abordagem e n\u00e3o localizado o celular. Pelo local da abordagem compareceu a v\u00edtima reconhecendo o autor do furto (morador de Tr\u00eas Lagoas) e dado voz de pris\u00e3o permanecendo a disposi\u00e7\u00e3o da Justi\u00e7a.<\/p>\n<p>Fonte: Com. Social Pol\u00edcia Militar<\/p>\n","protected":false},"excerpt":{"rendered":"<p>Na tarde de hoje (11) por volta das 12h16min a equipe da Pol\u00edcia Militar em Dracena realizava patrulhamento e recebeu informa\u00e7\u00f5es do COPOM que um indiv\u00edduo teria furtado o celular de uma mulher (38 anos) nas proximidades do terminal rodovi\u00e1rio e tomando sentido a linha f\u00e9rrea e com as caracter\u00edsticas passadas foi realizado patrulhamento e [&hellip;]<\/p>\n","protected":false},"author":1,"featured_media":75955,"comment_status":"closed","ping_status":"open","sticky":false,"template":"","format":"standard","meta":{"footnotes":""},"categories":[110,2],"tags":[],"class_list":["post-75954","post","type-post","status-publish","format-standard","has-post-thumbnail","hentry","category-noticiasdestaque","category-policial"],"_links":{"self":[{"href":"https:\/\/jorgezanoni.com.br\/2019\/wp-json\/wp\/v2\/posts\/75954","targetHints":{"allow":["GET"]}}],"collection":[{"href":"https:\/\/jorgezanoni.com.br\/2019\/wp-json\/wp\/v2\/posts"}],"about":[{"href":"https:\/\/jorgezanoni.com.br\/2019\/wp-json\/wp\/v2\/types\/post"}],"author":[{"embeddable":true,"href":"https:\/\/jorgezanoni.com.br\/2019\/wp-json\/wp\/v2\/users\/1"}],"replies":[{"embeddable":true,"href":"https:\/\/jorgezanoni.com.br\/2019\/wp-json\/wp\/v2\/comments?post=75954"}],"version-history":[{"count":1,"href":"https:\/\/jorgezanoni.com.br\/2019\/wp-json\/wp\/v2\/posts\/75954\/revisions"}],"predecessor-version":[{"id":75956,"href":"https:\/\/jorgezanoni.com.br\/2019\/wp-json\/wp\/v2\/posts\/75954\/revisions\/75956"}],"wp:featuredmedia":[{"embeddable":true,"href":"https:\/\/jorgezanoni.com.br\/2019\/wp-json\/wp\/v2\/media\/75955"}],"wp:attachment":[{"href":"https:\/\/jorgezanoni.com.br\/2019\/wp-json\/wp\/v2\/media?parent=75954"}],"wp:term":[{"taxonomy":"category","embeddable":true,"href":"https:\/\/jorgezanoni.com.br\/2019\/wp-json\/wp\/v2\/categories?post=75954"},{"taxonomy":"post_tag","embeddable":true,"href":"https:\/\/jorgezanoni.com.br\/2019\/wp-json\/wp\/v2\/tags?post=75954"}],"curies":[{"name":"wp","href":"https:\/\/api.w.org\/{rel}","templated":true}]}}