{"id":75949,"date":"2023-05-11T23:20:58","date_gmt":"2023-05-11T23:20:58","guid":{"rendered":"https:\/\/jorgezanoni.com.br\/2019\/?p=75949"},"modified":"2023-05-11T23:20:58","modified_gmt":"2023-05-11T23:20:58","slug":"policia-civil-faz-palestra-sobre-bullying-e-violencia-em-ambiente-escolar-em-dracena-2","status":"publish","type":"post","link":"https:\/\/jorgezanoni.com.br\/2019\/policia-civil-faz-palestra-sobre-bullying-e-violencia-em-ambiente-escolar-em-dracena-2\/","title":{"rendered":"Policia Civil faz Palestra sobre Bullying e Viol\u00eancia em ambiente escolar em Dracena"},"content":{"rendered":"<p style=\"text-align: justify;\">A Pol\u00edcia Civil, por interm\u00e9dio das Unidades Especializadas &#8211; DIG\/DISE, com apoio da Delegacia Seccional de Pol\u00edcia de Dracena, realizou nesta quinta feira dia 11 de maio, no per\u00edodo da manh\u00e3, palestra sobre preven\u00e7\u00e3o como foco na seguran\u00e7a do ambiente escolar. A a\u00e7\u00e3o aconteceu na Escola Estadual Alfredo Machado, que fica no Jardim Brasil\u00e2ndia, em Dracena, a qual, anteriormente j\u00e1 recebido orienta\u00e7\u00f5es tamb\u00e9m especializadas sobre o assunto.<\/p>\n<p style=\"text-align: justify;\">O foco do encontro foi o bullying e a preven\u00e7\u00e3o da seguran\u00e7a no interior da escola. A palestra foi ministrada pelo investigador de pol\u00edcia Rodrigo Freitas, que tamb\u00e9m possui gradua\u00e7\u00e3o acad\u00eamica no curso de Psicologia.<\/p>\n<p style=\"text-align: justify;\">O policial civil durante a apresenta\u00e7\u00e3o, explanou para cerca de 90 estudantes, respectivamente, alunos dos 1\u00ba, 2\u00ba e 3\u00ba ano do ensino m\u00e9dio, sobre bullying escolar e suas in\u00fameras consequ\u00eancias emocionais e psicol\u00f3gicas. Na mesma seara, tamb\u00e9m foi alertado sobre as implica\u00e7\u00f5es das responsabilidades penais cab\u00edveis nos casos de divulga\u00e7\u00e3o e compartilhamento de not\u00edcias falsas relacionadas as amea\u00e7as virtuais e ataques contra as unidades educacionais.<\/p>\n<p style=\"text-align: justify;\">Ainda na tem\u00e1tica debatida, os alunos foram orientados sobre o protocolo que como agir num eventual caso de viol\u00eancia escolar.<\/p>\n<p style=\"text-align: justify;\">A finalidade do bate-papo com os estudantes \u00e9 de promover a conscientiza\u00e7\u00e3o de um ambiente escolar seguro e respeitoso, bem como o de aproximar os alunos com a Pol\u00edcia Civil. A dire\u00e7\u00e3o da na Escola Estadual Alfredo Machado agradeceu a parceria com a Pol\u00edcia Civil do Estado de S\u00e3o Paulo que est\u00e1 sempre ao lado da educa\u00e7\u00e3o, visando orientar e preparar jovens para o conv\u00edvio di\u00e1rio com pessoas e cientes de suas responsabilidades, para o engrandecimento de todas as comunidades.<\/p>\n<p><img loading=\"lazy\" decoding=\"async\" class=\"alignnone size-full wp-image-75950\" src=\"https:\/\/jorgezanoni.com.br\/2019\/wp-content\/uploads\/2023\/05\/bu1-Pequeno.jpg\" alt=\"\" width=\"854\" height=\"394\" srcset=\"https:\/\/jorgezanoni.com.br\/2019\/wp-content\/uploads\/2023\/05\/bu1-Pequeno.jpg 854w, https:\/\/jorgezanoni.com.br\/2019\/wp-content\/uploads\/2023\/05\/bu1-Pequeno-300x138.jpg 300w, https:\/\/jorgezanoni.com.br\/2019\/wp-content\/uploads\/2023\/05\/bu1-Pequeno-768x354.jpg 768w, https:\/\/jorgezanoni.com.br\/2019\/wp-content\/uploads\/2023\/05\/bu1-Pequeno-696x321.jpg 696w\" sizes=\"auto, (max-width: 854px) 100vw, 854px\" \/> <img loading=\"lazy\" decoding=\"async\" class=\"alignnone size-full wp-image-75952\" src=\"https:\/\/jorgezanoni.com.br\/2019\/wp-content\/uploads\/2023\/05\/bu-Pequeno.jpg\" alt=\"\" width=\"854\" height=\"394\" srcset=\"https:\/\/jorgezanoni.com.br\/2019\/wp-content\/uploads\/2023\/05\/bu-Pequeno.jpg 854w, https:\/\/jorgezanoni.com.br\/2019\/wp-content\/uploads\/2023\/05\/bu-Pequeno-300x138.jpg 300w, https:\/\/jorgezanoni.com.br\/2019\/wp-content\/uploads\/2023\/05\/bu-Pequeno-768x354.jpg 768w, https:\/\/jorgezanoni.com.br\/2019\/wp-content\/uploads\/2023\/05\/bu-Pequeno-696x321.jpg 696w\" sizes=\"auto, (max-width: 854px) 100vw, 854px\" \/><\/p>\n<p>Fonte: Com. Social Pol\u00edcia Civil<\/p>\n","protected":false},"excerpt":{"rendered":"<p>A Pol\u00edcia Civil, por interm\u00e9dio das Unidades Especializadas &#8211; DIG\/DISE, com apoio da Delegacia Seccional de Pol\u00edcia de Dracena, realizou nesta quinta feira dia 11 de maio, no per\u00edodo da manh\u00e3, palestra sobre preven\u00e7\u00e3o como foco na seguran\u00e7a do ambiente escolar. A a\u00e7\u00e3o aconteceu na Escola Estadual Alfredo Machado, que fica no Jardim Brasil\u00e2ndia, em [&hellip;]<\/p>\n","protected":false},"author":1,"featured_media":75951,"comment_status":"closed","ping_status":"open","sticky":false,"template":"","format":"standard","meta":{"footnotes":""},"categories":[110,2],"tags":[],"class_list":["post-75949","post","type-post","status-publish","format-standard","has-post-thumbnail","hentry","category-noticiasdestaque","category-policial"],"_links":{"self":[{"href":"https:\/\/jorgezanoni.com.br\/2019\/wp-json\/wp\/v2\/posts\/75949","targetHints":{"allow":["GET"]}}],"collection":[{"href":"https:\/\/jorgezanoni.com.br\/2019\/wp-json\/wp\/v2\/posts"}],"about":[{"href":"https:\/\/jorgezanoni.com.br\/2019\/wp-json\/wp\/v2\/types\/post"}],"author":[{"embeddable":true,"href":"https:\/\/jorgezanoni.com.br\/2019\/wp-json\/wp\/v2\/users\/1"}],"replies":[{"embeddable":true,"href":"https:\/\/jorgezanoni.com.br\/2019\/wp-json\/wp\/v2\/comments?post=75949"}],"version-history":[{"count":1,"href":"https:\/\/jorgezanoni.com.br\/2019\/wp-json\/wp\/v2\/posts\/75949\/revisions"}],"predecessor-version":[{"id":75953,"href":"https:\/\/jorgezanoni.com.br\/2019\/wp-json\/wp\/v2\/posts\/75949\/revisions\/75953"}],"wp:featuredmedia":[{"embeddable":true,"href":"https:\/\/jorgezanoni.com.br\/2019\/wp-json\/wp\/v2\/media\/75951"}],"wp:attachment":[{"href":"https:\/\/jorgezanoni.com.br\/2019\/wp-json\/wp\/v2\/media?parent=75949"}],"wp:term":[{"taxonomy":"category","embeddable":true,"href":"https:\/\/jorgezanoni.com.br\/2019\/wp-json\/wp\/v2\/categories?post=75949"},{"taxonomy":"post_tag","embeddable":true,"href":"https:\/\/jorgezanoni.com.br\/2019\/wp-json\/wp\/v2\/tags?post=75949"}],"curies":[{"name":"wp","href":"https:\/\/api.w.org\/{rel}","templated":true}]}}