{"id":75946,"date":"2023-05-11T23:11:49","date_gmt":"2023-05-11T23:11:49","guid":{"rendered":"https:\/\/jorgezanoni.com.br\/2019\/?p=75946"},"modified":"2023-05-11T23:11:49","modified_gmt":"2023-05-11T23:11:49","slug":"policia-civil-cumpre-2-mandados-de-prisao-em-junqueiropolis","status":"publish","type":"post","link":"https:\/\/jorgezanoni.com.br\/2019\/policia-civil-cumpre-2-mandados-de-prisao-em-junqueiropolis\/","title":{"rendered":"Pol\u00edcia Civil cumpre 2 mandados de prisao em Junqueir\u00f3polis"},"content":{"rendered":"<p style=\"text-align: justify;\">Policias civis da Delegacia de Pol\u00edcia de Junqueir\u00f3polis prenderam na manh\u00e3 desta ter\u00e7a-feira (09) dois indiv\u00edduos, um homem (32 anos) e uma mulher (33 anos), sobre os quais haviam mandados de pris\u00e3o expedidos pela Justi\u00e7a.<\/p>\n<p style=\"text-align: justify;\">Os decretos de pris\u00e3o resultaram do descumprimento das condi\u00e7\u00f5es impostas durante a execu\u00e7\u00e3o de penas alternativas. Os capturados passar\u00e3o por audi\u00eancias de cust\u00f3dia e em seguida, ter\u00e3o o destino determinado pelo ju\u00edzo, podendo ser liberados ou encaminhados ao sistema prisional.<\/p>\n<p>Fonte: Com. Social Pol\u00edcia Civil<\/p>\n","protected":false},"excerpt":{"rendered":"<p>Policias civis da Delegacia de Pol\u00edcia de Junqueir\u00f3polis prenderam na manh\u00e3 desta ter\u00e7a-feira (09) dois indiv\u00edduos, um homem (32 anos) e uma mulher (33 anos), sobre os quais haviam mandados de pris\u00e3o expedidos pela Justi\u00e7a. Os decretos de pris\u00e3o resultaram do descumprimento das condi\u00e7\u00f5es impostas durante a execu\u00e7\u00e3o de penas alternativas. Os capturados passar\u00e3o por [&hellip;]<\/p>\n","protected":false},"author":1,"featured_media":75947,"comment_status":"closed","ping_status":"open","sticky":false,"template":"","format":"standard","meta":{"footnotes":""},"categories":[110,2],"tags":[],"class_list":["post-75946","post","type-post","status-publish","format-standard","has-post-thumbnail","hentry","category-noticiasdestaque","category-policial"],"_links":{"self":[{"href":"https:\/\/jorgezanoni.com.br\/2019\/wp-json\/wp\/v2\/posts\/75946","targetHints":{"allow":["GET"]}}],"collection":[{"href":"https:\/\/jorgezanoni.com.br\/2019\/wp-json\/wp\/v2\/posts"}],"about":[{"href":"https:\/\/jorgezanoni.com.br\/2019\/wp-json\/wp\/v2\/types\/post"}],"author":[{"embeddable":true,"href":"https:\/\/jorgezanoni.com.br\/2019\/wp-json\/wp\/v2\/users\/1"}],"replies":[{"embeddable":true,"href":"https:\/\/jorgezanoni.com.br\/2019\/wp-json\/wp\/v2\/comments?post=75946"}],"version-history":[{"count":1,"href":"https:\/\/jorgezanoni.com.br\/2019\/wp-json\/wp\/v2\/posts\/75946\/revisions"}],"predecessor-version":[{"id":75948,"href":"https:\/\/jorgezanoni.com.br\/2019\/wp-json\/wp\/v2\/posts\/75946\/revisions\/75948"}],"wp:featuredmedia":[{"embeddable":true,"href":"https:\/\/jorgezanoni.com.br\/2019\/wp-json\/wp\/v2\/media\/75947"}],"wp:attachment":[{"href":"https:\/\/jorgezanoni.com.br\/2019\/wp-json\/wp\/v2\/media?parent=75946"}],"wp:term":[{"taxonomy":"category","embeddable":true,"href":"https:\/\/jorgezanoni.com.br\/2019\/wp-json\/wp\/v2\/categories?post=75946"},{"taxonomy":"post_tag","embeddable":true,"href":"https:\/\/jorgezanoni.com.br\/2019\/wp-json\/wp\/v2\/tags?post=75946"}],"curies":[{"name":"wp","href":"https:\/\/api.w.org\/{rel}","templated":true}]}}