{"id":75943,"date":"2023-05-11T23:02:49","date_gmt":"2023-05-11T23:02:49","guid":{"rendered":"https:\/\/jorgezanoni.com.br\/2019\/?p=75943"},"modified":"2023-05-11T23:02:49","modified_gmt":"2023-05-11T23:02:49","slug":"policia-civil-prende-sogra-por-homicidio-em-panorama","status":"publish","type":"post","link":"https:\/\/jorgezanoni.com.br\/2019\/policia-civil-prende-sogra-por-homicidio-em-panorama\/","title":{"rendered":"Pol\u00edcia Civil prende Sogra por Homic\u00eddio em Panorama"},"content":{"rendered":"<p style=\"text-align: justify;\">Na tarde do dia 10\/05 ocorreu um homic\u00eddio praticado por C.W.S., 59 anos, em face de seu genro M.S., 48 anos, ap\u00f3s discuss\u00e3o entre os mesmos. O crime ocorreu nos fundos da resid\u00eancia da autora, que acabou por empreender fuga do local, no momento dos fatos.<\/p>\n<p style=\"text-align: justify;\">A Pol\u00edcia Civil e Militar de Panorama e Paulic\u00e9ia foram acionadas, realizaram dilig\u00eancias, contudo a autora n\u00e3o foi localizada.<\/p>\n<p style=\"text-align: justify;\">Durante a manh\u00e3 desta 5\u00aa feira (11) a Pol\u00edcia Civil representou pela decreta\u00e7\u00e3o da pris\u00e3o tempor\u00e1ria por 30 dias da autora que foi deferida pelo Poder Judici\u00e1rio, ap\u00f3s a manifesta\u00e7\u00e3o do Minist\u00e9rio P\u00fablico.<\/p>\n<p style=\"text-align: justify;\">A autora se apresentou na Delegacia de Pol\u00edcia de Panorama acompanhada por sua advogada e afirmou que desferiu o golpe, pois foi amea\u00e7ada de morte e agredida fisicamente pelo genro.<\/p>\n<p style=\"text-align: justify;\">Foi dado cumprimento da ordem judicial do mandado de pris\u00e3o tempor\u00e1ria e a autora permanecer\u00e1 a disposi\u00e7\u00e3o da Justi\u00e7a e ser\u00e1 encaminhada para audi\u00eancia de cust\u00f3dia.<\/p>\n<p style=\"text-align: justify;\">Fonte: Com. Social Pol\u00edcia Civil<\/p>\n","protected":false},"excerpt":{"rendered":"<p>Na tarde do dia 10\/05 ocorreu um homic\u00eddio praticado por C.W.S., 59 anos, em face de seu genro M.S., 48 anos, ap\u00f3s discuss\u00e3o entre os mesmos. O crime ocorreu nos fundos da resid\u00eancia da autora, que acabou por empreender fuga do local, no momento dos fatos. A Pol\u00edcia Civil e Militar de Panorama e Paulic\u00e9ia [&hellip;]<\/p>\n","protected":false},"author":1,"featured_media":75944,"comment_status":"closed","ping_status":"open","sticky":false,"template":"","format":"standard","meta":{"footnotes":""},"categories":[110,2],"tags":[],"class_list":["post-75943","post","type-post","status-publish","format-standard","has-post-thumbnail","hentry","category-noticiasdestaque","category-policial"],"_links":{"self":[{"href":"https:\/\/jorgezanoni.com.br\/2019\/wp-json\/wp\/v2\/posts\/75943","targetHints":{"allow":["GET"]}}],"collection":[{"href":"https:\/\/jorgezanoni.com.br\/2019\/wp-json\/wp\/v2\/posts"}],"about":[{"href":"https:\/\/jorgezanoni.com.br\/2019\/wp-json\/wp\/v2\/types\/post"}],"author":[{"embeddable":true,"href":"https:\/\/jorgezanoni.com.br\/2019\/wp-json\/wp\/v2\/users\/1"}],"replies":[{"embeddable":true,"href":"https:\/\/jorgezanoni.com.br\/2019\/wp-json\/wp\/v2\/comments?post=75943"}],"version-history":[{"count":1,"href":"https:\/\/jorgezanoni.com.br\/2019\/wp-json\/wp\/v2\/posts\/75943\/revisions"}],"predecessor-version":[{"id":75945,"href":"https:\/\/jorgezanoni.com.br\/2019\/wp-json\/wp\/v2\/posts\/75943\/revisions\/75945"}],"wp:featuredmedia":[{"embeddable":true,"href":"https:\/\/jorgezanoni.com.br\/2019\/wp-json\/wp\/v2\/media\/75944"}],"wp:attachment":[{"href":"https:\/\/jorgezanoni.com.br\/2019\/wp-json\/wp\/v2\/media?parent=75943"}],"wp:term":[{"taxonomy":"category","embeddable":true,"href":"https:\/\/jorgezanoni.com.br\/2019\/wp-json\/wp\/v2\/categories?post=75943"},{"taxonomy":"post_tag","embeddable":true,"href":"https:\/\/jorgezanoni.com.br\/2019\/wp-json\/wp\/v2\/tags?post=75943"}],"curies":[{"name":"wp","href":"https:\/\/api.w.org\/{rel}","templated":true}]}}