{"id":75933,"date":"2023-05-11T21:45:08","date_gmt":"2023-05-11T21:45:08","guid":{"rendered":"https:\/\/jorgezanoni.com.br\/2019\/?p=75933"},"modified":"2023-05-11T21:45:08","modified_gmt":"2023-05-11T21:45:08","slug":"fundec-investe-em-mais-seguranca-para-alunos-e-colaboradores","status":"publish","type":"post","link":"https:\/\/jorgezanoni.com.br\/2019\/fundec-investe-em-mais-seguranca-para-alunos-e-colaboradores\/","title":{"rendered":"Fundec investe em mais seguran\u00e7a para alunos e colaboradores"},"content":{"rendered":"<p style=\"text-align: justify;\"><span style=\"font-size: large;\">Desde ontem (10), a Fundec conta com vigilantes do Grupo Nobre, empresa de solu\u00e7\u00f5es especializadas em presta\u00e7\u00e3o de servi\u00e7os e seguran\u00e7a, para mais tranquilidade de todos.<\/span><\/p>\n<p><span style=\"font-size: large;\">A entrada dos alunos e colaboradores do Anglo-CID, do CEP\/UME e da Unifadra vem sendo acompanhada pelos vigilantes, que tamb\u00e9m est\u00e3o realizando ao longo do dia rondas em todo o per\u00edmetro da Fundec e das unidades escolares at\u00e9 seu fechamento.<\/span><\/p>\n<p><span style=\"font-size: large;\">A institui\u00e7\u00e3o tamb\u00e9m conta com a atua\u00e7\u00e3o da CIPA &#8211; Comiss\u00e3o Interna de Preven\u00e7\u00e3o de Acidentes e da Brigada de Inc\u00eandio para a preven\u00e7\u00e3o de acidentes internos e j\u00e1 vem utilizando outras medidas de seguran\u00e7a como c\u00e2meras de v\u00eddeo em pontos estrat\u00e9gicos e monitoradas pela dire\u00e7\u00e3o das unidades escolares e administrativas, catracas eletr\u00f4nicas com biometria e controles de acesso em suas instala\u00e7\u00f5es. Agora, incluiu o servi\u00e7o de vigil\u00e2ncia para mais seguran\u00e7a de todos.<\/span><\/p>\n<p><span style=\"font-size: large;\">Edson Kai, diretor executivo da Fundec, ressalta que esta \u00e9 mais uma medida adotada pela institui\u00e7\u00e3o visando \u00e0 seguran\u00e7a de colaboradores e alunos. &#8220;Procuramos ser vanguarda nos antecipando com novas t\u00e9cnicas, ideias e conceitos, com investimentos constantes tanto na educa\u00e7\u00e3o quanto em infraestrutura e seguran\u00e7a&#8221;.<\/span><\/p>\n<p>Fonte: Depto. de Comunica\u00e7\u00e3o da Fundec<\/p>\n","protected":false},"excerpt":{"rendered":"<p>Desde ontem (10), a Fundec conta com vigilantes do Grupo Nobre, empresa de solu\u00e7\u00f5es especializadas em presta\u00e7\u00e3o de servi\u00e7os e seguran\u00e7a, para mais tranquilidade de todos. A entrada dos alunos e colaboradores do Anglo-CID, do CEP\/UME e da Unifadra vem sendo acompanhada pelos vigilantes, que tamb\u00e9m est\u00e3o realizando ao longo do dia rondas em todo [&hellip;]<\/p>\n","protected":false},"author":1,"featured_media":75934,"comment_status":"closed","ping_status":"open","sticky":false,"template":"","format":"standard","meta":{"footnotes":""},"categories":[110,122],"tags":[],"class_list":["post-75933","post","type-post","status-publish","format-standard","has-post-thumbnail","hentry","category-noticiasdestaque","category-saudeeducacaoeconcurso"],"_links":{"self":[{"href":"https:\/\/jorgezanoni.com.br\/2019\/wp-json\/wp\/v2\/posts\/75933","targetHints":{"allow":["GET"]}}],"collection":[{"href":"https:\/\/jorgezanoni.com.br\/2019\/wp-json\/wp\/v2\/posts"}],"about":[{"href":"https:\/\/jorgezanoni.com.br\/2019\/wp-json\/wp\/v2\/types\/post"}],"author":[{"embeddable":true,"href":"https:\/\/jorgezanoni.com.br\/2019\/wp-json\/wp\/v2\/users\/1"}],"replies":[{"embeddable":true,"href":"https:\/\/jorgezanoni.com.br\/2019\/wp-json\/wp\/v2\/comments?post=75933"}],"version-history":[{"count":1,"href":"https:\/\/jorgezanoni.com.br\/2019\/wp-json\/wp\/v2\/posts\/75933\/revisions"}],"predecessor-version":[{"id":75935,"href":"https:\/\/jorgezanoni.com.br\/2019\/wp-json\/wp\/v2\/posts\/75933\/revisions\/75935"}],"wp:featuredmedia":[{"embeddable":true,"href":"https:\/\/jorgezanoni.com.br\/2019\/wp-json\/wp\/v2\/media\/75934"}],"wp:attachment":[{"href":"https:\/\/jorgezanoni.com.br\/2019\/wp-json\/wp\/v2\/media?parent=75933"}],"wp:term":[{"taxonomy":"category","embeddable":true,"href":"https:\/\/jorgezanoni.com.br\/2019\/wp-json\/wp\/v2\/categories?post=75933"},{"taxonomy":"post_tag","embeddable":true,"href":"https:\/\/jorgezanoni.com.br\/2019\/wp-json\/wp\/v2\/tags?post=75933"}],"curies":[{"name":"wp","href":"https:\/\/api.w.org\/{rel}","templated":true}]}}