{"id":75914,"date":"2023-05-11T00:47:33","date_gmt":"2023-05-11T00:47:33","guid":{"rendered":"https:\/\/jorgezanoni.com.br\/2019\/?p=75914"},"modified":"2023-05-11T00:47:33","modified_gmt":"2023-05-11T00:47:33","slug":"homem-e-morto-a-golpes-de-faca-pela-sogra-em-panorama","status":"publish","type":"post","link":"https:\/\/jorgezanoni.com.br\/2019\/homem-e-morto-a-golpes-de-faca-pela-sogra-em-panorama\/","title":{"rendered":"Homem \u00e9 morto a golpes de faca pela sogra em Panorama"},"content":{"rendered":"<p style=\"text-align: justify;\">Na tarde de hoje (10), por volta das 14h40, a unidade de servi\u00e7o da Pol\u00edcia Militar em Panorama, foi solicitada via Copom informando que pelo Bairro Parano\u00e1 I, havia uma v\u00edtima de arma branca. No local foi constatada a v\u00edtima (homem, 32 anos) em \u00f3bito, com v\u00e1rias perfura\u00e7\u00f5es de faca ao solo. Segundo testemunhas, a autora seria a sogra da v\u00edtima, que em meio a uma discuss\u00e3o, onde o genro a acusava de arrumar homens para sua filha, desferiu v\u00e1rios golpes de faca contra o genro e se evadiu. As equipes da Pol\u00edcia Militar continuam em dilig\u00eancias a fim de localizar a autora.<\/p>\n<p style=\"text-align: justify;\">Fonte: Com. Social Pol\u00edcia Militar<\/p>\n<p>Foto: Panorama Not\u00edcia<\/p>\n","protected":false},"excerpt":{"rendered":"<p>Na tarde de hoje (10), por volta das 14h40, a unidade de servi\u00e7o da Pol\u00edcia Militar em Panorama, foi solicitada via Copom informando que pelo Bairro Parano\u00e1 I, havia uma v\u00edtima de arma branca. No local foi constatada a v\u00edtima (homem, 32 anos) em \u00f3bito, com v\u00e1rias perfura\u00e7\u00f5es de faca ao solo. Segundo testemunhas, a [&hellip;]<\/p>\n","protected":false},"author":1,"featured_media":75915,"comment_status":"closed","ping_status":"open","sticky":false,"template":"","format":"standard","meta":{"footnotes":""},"categories":[110,2],"tags":[],"class_list":["post-75914","post","type-post","status-publish","format-standard","has-post-thumbnail","hentry","category-noticiasdestaque","category-policial"],"_links":{"self":[{"href":"https:\/\/jorgezanoni.com.br\/2019\/wp-json\/wp\/v2\/posts\/75914","targetHints":{"allow":["GET"]}}],"collection":[{"href":"https:\/\/jorgezanoni.com.br\/2019\/wp-json\/wp\/v2\/posts"}],"about":[{"href":"https:\/\/jorgezanoni.com.br\/2019\/wp-json\/wp\/v2\/types\/post"}],"author":[{"embeddable":true,"href":"https:\/\/jorgezanoni.com.br\/2019\/wp-json\/wp\/v2\/users\/1"}],"replies":[{"embeddable":true,"href":"https:\/\/jorgezanoni.com.br\/2019\/wp-json\/wp\/v2\/comments?post=75914"}],"version-history":[{"count":1,"href":"https:\/\/jorgezanoni.com.br\/2019\/wp-json\/wp\/v2\/posts\/75914\/revisions"}],"predecessor-version":[{"id":75916,"href":"https:\/\/jorgezanoni.com.br\/2019\/wp-json\/wp\/v2\/posts\/75914\/revisions\/75916"}],"wp:featuredmedia":[{"embeddable":true,"href":"https:\/\/jorgezanoni.com.br\/2019\/wp-json\/wp\/v2\/media\/75915"}],"wp:attachment":[{"href":"https:\/\/jorgezanoni.com.br\/2019\/wp-json\/wp\/v2\/media?parent=75914"}],"wp:term":[{"taxonomy":"category","embeddable":true,"href":"https:\/\/jorgezanoni.com.br\/2019\/wp-json\/wp\/v2\/categories?post=75914"},{"taxonomy":"post_tag","embeddable":true,"href":"https:\/\/jorgezanoni.com.br\/2019\/wp-json\/wp\/v2\/tags?post=75914"}],"curies":[{"name":"wp","href":"https:\/\/api.w.org\/{rel}","templated":true}]}}