{"id":75905,"date":"2023-05-10T12:56:14","date_gmt":"2023-05-10T12:56:14","guid":{"rendered":"https:\/\/jorgezanoni.com.br\/2019\/?p=75905"},"modified":"2023-05-10T16:29:38","modified_gmt":"2023-05-10T16:29:38","slug":"morre-odete-zarzur-de-tradicional-familia-em-dracena","status":"publish","type":"post","link":"https:\/\/jorgezanoni.com.br\/2019\/morre-odete-zarzur-de-tradicional-familia-em-dracena\/","title":{"rendered":"Morre Odete Zarzur de tradicional fam\u00edlia em Dracena"},"content":{"rendered":"<p style=\"text-align: justify;\">Comunicamos com pesar o falecimento de Odete Zarzur de 90 anos completados hoje 10 de maio (Dia de seu falecimento), ocorrido na cidade de Mar\u00edlia.<\/p>\n<p style=\"text-align: justify;\">Era solteira, deixa os irm\u00e3os Antonio e Jos\u00e9 Roberto Zarzur, cunhadas, sobrinhos, demais familiares e uma grande legi\u00e3o de amigos. Foi cunhada do ex-prefeito Manoel Gomes Gon\u00e7alves (Galeno) e era solteira.<\/p>\n<p style=\"text-align: justify;\">Era uma pessoa muito querida da comunidade dracenense e apaixonada pelo Corinthians, seu time do cora\u00e7\u00e3o.<\/p>\n<p><img loading=\"lazy\" decoding=\"async\" class=\"alignnone size-full wp-image-75907\" src=\"https:\/\/jorgezanoni.com.br\/2019\/wp-content\/uploads\/2023\/05\/Odete-1.jpg\" alt=\"\" width=\"289\" height=\"547\" srcset=\"https:\/\/jorgezanoni.com.br\/2019\/wp-content\/uploads\/2023\/05\/Odete-1.jpg 289w, https:\/\/jorgezanoni.com.br\/2019\/wp-content\/uploads\/2023\/05\/Odete-1-159x300.jpg 159w, https:\/\/jorgezanoni.com.br\/2019\/wp-content\/uploads\/2023\/05\/Odete-1-222x420.jpg 222w\" sizes=\"auto, (max-width: 289px) 100vw, 289px\" \/><\/p>\n<p style=\"text-align: justify;\">O Vel\u00f3rio ocorrer\u00e1 em Dracena no Memorial VidaPrev das 19 \u00e0s 22 horas e reabre nesta quinta-feira, \u00e0s 6 horas, com sepultamento \u00e0s 9 horas.<\/p>\n<p style=\"text-align: justify;\">O Site JZ e TOP TV se solidarizam com os familiares e amigos neste dif\u00edcil momento<\/p>\n<p style=\"text-align: justify;\">Jorge Zanoni<\/p>\n<div class=\"x11i5rnm xat24cr x1mh8g0r x1vvkbs xtlvy1s x126k92a\">\n<div dir=\"auto\"><\/div>\n<\/div>\n<div class=\"x11i5rnm xat24cr x1mh8g0r x1vvkbs xtlvy1s x126k92a\"><\/div>\n<p>&nbsp;<\/p>\n<p>&nbsp;<\/p>\n","protected":false},"excerpt":{"rendered":"<p>Comunicamos com pesar o falecimento de Odete Zarzur de 90 anos completados hoje 10 de maio (Dia de seu falecimento), ocorrido na cidade de Mar\u00edlia. Era solteira, deixa os irm\u00e3os Antonio e Jos\u00e9 Roberto Zarzur, cunhadas, sobrinhos, demais familiares e uma grande legi\u00e3o de amigos. Foi cunhada do ex-prefeito Manoel Gomes Gon\u00e7alves (Galeno) e era [&hellip;]<\/p>\n","protected":false},"author":1,"featured_media":75906,"comment_status":"closed","ping_status":"open","sticky":false,"template":"","format":"standard","meta":{"footnotes":""},"categories":[178,110],"tags":[],"class_list":["post-75905","post","type-post","status-publish","format-standard","has-post-thumbnail","hentry","category-notadefalecimento","category-noticiasdestaque"],"_links":{"self":[{"href":"https:\/\/jorgezanoni.com.br\/2019\/wp-json\/wp\/v2\/posts\/75905","targetHints":{"allow":["GET"]}}],"collection":[{"href":"https:\/\/jorgezanoni.com.br\/2019\/wp-json\/wp\/v2\/posts"}],"about":[{"href":"https:\/\/jorgezanoni.com.br\/2019\/wp-json\/wp\/v2\/types\/post"}],"author":[{"embeddable":true,"href":"https:\/\/jorgezanoni.com.br\/2019\/wp-json\/wp\/v2\/users\/1"}],"replies":[{"embeddable":true,"href":"https:\/\/jorgezanoni.com.br\/2019\/wp-json\/wp\/v2\/comments?post=75905"}],"version-history":[{"count":3,"href":"https:\/\/jorgezanoni.com.br\/2019\/wp-json\/wp\/v2\/posts\/75905\/revisions"}],"predecessor-version":[{"id":75910,"href":"https:\/\/jorgezanoni.com.br\/2019\/wp-json\/wp\/v2\/posts\/75905\/revisions\/75910"}],"wp:featuredmedia":[{"embeddable":true,"href":"https:\/\/jorgezanoni.com.br\/2019\/wp-json\/wp\/v2\/media\/75906"}],"wp:attachment":[{"href":"https:\/\/jorgezanoni.com.br\/2019\/wp-json\/wp\/v2\/media?parent=75905"}],"wp:term":[{"taxonomy":"category","embeddable":true,"href":"https:\/\/jorgezanoni.com.br\/2019\/wp-json\/wp\/v2\/categories?post=75905"},{"taxonomy":"post_tag","embeddable":true,"href":"https:\/\/jorgezanoni.com.br\/2019\/wp-json\/wp\/v2\/tags?post=75905"}],"curies":[{"name":"wp","href":"https:\/\/api.w.org\/{rel}","templated":true}]}}