{"id":75886,"date":"2023-05-09T23:28:19","date_gmt":"2023-05-09T23:28:19","guid":{"rendered":"https:\/\/jorgezanoni.com.br\/2019\/?p=75886"},"modified":"2023-05-09T23:28:19","modified_gmt":"2023-05-09T23:28:19","slug":"unifadra-participa-do-i-simposio-de-neurologia-sobre-a-doenca-de-parkinson","status":"publish","type":"post","link":"https:\/\/jorgezanoni.com.br\/2019\/unifadra-participa-do-i-simposio-de-neurologia-sobre-a-doenca-de-parkinson\/","title":{"rendered":"Unifadra participa do I Simp\u00f3sio de Neurologia sobre a Doen\u00e7a de Parkinson"},"content":{"rendered":"<div dir=\"ltr\" style=\"text-align: justify;\"><span style=\"font-size: large;\">O I Simp\u00f3sio de Neurologia sobre a Doen\u00e7a de Parkinson foi realizado no dia 18 de abril, reunindo os acad\u00eamicos dos cursos da \u00e1rea de sa\u00fade da Unifadra e a comunidade. O evento foi promovido pela Liga de Neurologia e de Neurocirurgia de Dracena\u00a0<\/span>(LNND)<span style=\"font-size: large;\">\u00a0e a equipe do Projeto Parkinson, em parceria com a Unifadra, e comemorou o Dia Internacional de Conscientiza\u00e7\u00e3o sobre a Doen\u00e7a de Parkinson (11\/04) e os cinco anos do Programa Parkinson de Dracena.<\/span><\/p>\n<p><span style=\"font-size: large;\">Foram convidados para o simp\u00f3sio o m\u00e9dico neurologista e neurocirurgi\u00e3o\u00a0<\/span>Prof. Dr.<span style=\"font-size: large;\">\u00a0Carlos Alberto dos Santos Filho, a profissional de Educa\u00e7\u00e3o F\u00edsica Profa.\u00a0<\/span>Dra.<span style=\"font-size: large;\">\u00a0Denise Rodrigues Bueno, o m\u00e9dico geriatra e gerontologista\u00a0<\/span>Prof. Dr.<span style=\"font-size: large;\">\u00a0Alessandro Ferrari Jacinto, a psic\u00f3loga Profa. Ma. Andrea Frizo de Carvalho Barbosa e o profissional de Educa\u00e7\u00e3o F\u00edsica Prof. Esp. Jos\u00e9 Augusto Camuci Junior.<\/span><\/p>\n<p><span style=\"font-size: large;\">Abrindo o evento, Carlos Alberto dos Santos Filho realizou uma palestra falando sobre a import\u00e2ncia do diagn\u00f3stico diferencial da doen\u00e7a de Parkinson e os sinais e sintomas a serem analisados. Em seguida, os demais profissionais participaram de uma mesa redonda, onde foram apresentados os resultados do Programa Parkinson para a melhora na qualidade de vida dos participantes e seus familiares; a relev\u00e2ncia da avalia\u00e7\u00e3o geri\u00e1trica ampla na investiga\u00e7\u00e3o para o diagn\u00f3stico, a import\u00e2ncia do acolhimento psicol\u00f3gico aos pacientes e seus cuidadores e, fechando o evento, Camuci falou de sua experi\u00eancia pessoal no enfrentamento da doen\u00e7a.<\/span><\/p>\n<p><span style=\"font-size: large;\">O presidente da\u00a0<\/span>LNND<span style=\"font-size: large;\">\u00a0Leonardo Medeiro Oliveira participa h\u00e1 cinco anos do Projeto Parkinson e ressaltou que o Simp\u00f3sio cumpriu com seu prop\u00f3sito de fazer uma reuni\u00e3o multiprofissional entre os cursos de Medicina, Enfermagem, Psicologia e Educa\u00e7\u00e3o F\u00edsica a fim de propagar conhecimentos cient\u00edficos de qualidade sobre a Doen\u00e7a de Parkinson, buscando a correta acolhida e integralidade do tratamento dos pacientes. &#8220;Foi uma alegria para toda comiss\u00e3o organizadora visualizar o audit\u00f3rio lotado, celebrando a uni\u00e3o entre os cursos a fim de aprender e compartilhar saberes sobre a Doen\u00e7a de Parkinson&#8221;, finalizou.<\/span><\/p>\n<p><span style=\"font-size: large;\">O diretor acad\u00eamico da Unifadra\u00a0<\/span>Prof. Dr.<span style=\"font-size: large;\">\u00a0Enio Garbelini parabenizou os organizadores do evento pela realiza\u00e7\u00e3o do simp\u00f3sio e ressaltou que &#8220;o Projeto Parkinson \u00e9 uma parceria com a Prefeitura Municipal de Dracena que promove qualidade de vida aos pacientes do projeto, al\u00e9m de uma grande oportunidade para os acad\u00eamicos vivenciarem a experi\u00eancia de cuidar de pessoas e provocarem uma mudan\u00e7a real na vida dos pacientes e de seus familiares, que refor\u00e7a o processo de ensino-aprendizagem&#8221;.<\/span><\/p>\n<p><span style=\"font-size: large;\"><b>Programa Parkinson<\/b><\/span><\/p>\n<p><span style=\"font-size: large;\">O Programa Parkinson \u00e9 realizado desde 2018 por meio de uma parceria entre a Funda\u00e7\u00e3o Dracenense de Educa\u00e7\u00e3o e Cultura (Fundec), mantenedora da Unifadra, e a Prefeitura Municipal de Dracena (Secretaria Municipal de Sa\u00fade). Atende gratuitamente pacientes com doen\u00e7a de Parkinson, oferecendo atividade f\u00edsica e apoio psicol\u00f3gico, a fim de observar os efeitos na funcionalidade, sa\u00fade e qualidade de vida dos indiv\u00edduos com a doen\u00e7a.<\/span><\/p>\n<p><span style=\"font-size: large;\">Realizado em duas sess\u00f5es semanais de 60 minutos, durante todo o ano, o trabalho consiste em atividades de marcha, coordena\u00e7\u00e3o, flexibilidade, for\u00e7a, equil\u00edbrio e controle postural. Informa\u00e7\u00f5es e inscri\u00e7\u00f5es: (18) 3821-9004. Acompanhe as novidades do programa em:\u00a0<a href=\"https:\/\/www.instagram.com\/parkinson.unifadra\" target=\"_blank\" rel=\"noopener noreferrer\">https:\/\/www.instagram.com\/parkinson.unifadra<\/a><\/span><\/div>\n<div dir=\"ltr\"><\/div>\n<div dir=\"ltr\"><img loading=\"lazy\" decoding=\"async\" class=\"alignnone size-full wp-image-75888\" src=\"https:\/\/jorgezanoni.com.br\/2019\/wp-content\/uploads\/2023\/05\/z-fund1.jpg\" alt=\"\" width=\"700\" height=\"394\" srcset=\"https:\/\/jorgezanoni.com.br\/2019\/wp-content\/uploads\/2023\/05\/z-fund1.jpg 700w, https:\/\/jorgezanoni.com.br\/2019\/wp-content\/uploads\/2023\/05\/z-fund1-300x169.jpg 300w, https:\/\/jorgezanoni.com.br\/2019\/wp-content\/uploads\/2023\/05\/z-fund1-696x392.jpg 696w\" sizes=\"auto, (max-width: 700px) 100vw, 700px\" \/><\/div>\n<div dir=\"ltr\"><\/div>\n<div dir=\"ltr\">Fonte: Depto. de Comunica\u00e7\u00e3o da Fundec<\/div>\n","protected":false},"excerpt":{"rendered":"<p>O I Simp\u00f3sio de Neurologia sobre a Doen\u00e7a de Parkinson foi realizado no dia 18 de abril, reunindo os acad\u00eamicos dos cursos da \u00e1rea de sa\u00fade da Unifadra e a comunidade. O evento foi promovido pela Liga de Neurologia e de Neurocirurgia de Dracena\u00a0(LNND)\u00a0e a equipe do Projeto Parkinson, em parceria com a Unifadra, e [&hellip;]<\/p>\n","protected":false},"author":1,"featured_media":75887,"comment_status":"closed","ping_status":"open","sticky":false,"template":"","format":"standard","meta":{"footnotes":""},"categories":[110,122],"tags":[],"class_list":["post-75886","post","type-post","status-publish","format-standard","has-post-thumbnail","hentry","category-noticiasdestaque","category-saudeeducacaoeconcurso"],"_links":{"self":[{"href":"https:\/\/jorgezanoni.com.br\/2019\/wp-json\/wp\/v2\/posts\/75886","targetHints":{"allow":["GET"]}}],"collection":[{"href":"https:\/\/jorgezanoni.com.br\/2019\/wp-json\/wp\/v2\/posts"}],"about":[{"href":"https:\/\/jorgezanoni.com.br\/2019\/wp-json\/wp\/v2\/types\/post"}],"author":[{"embeddable":true,"href":"https:\/\/jorgezanoni.com.br\/2019\/wp-json\/wp\/v2\/users\/1"}],"replies":[{"embeddable":true,"href":"https:\/\/jorgezanoni.com.br\/2019\/wp-json\/wp\/v2\/comments?post=75886"}],"version-history":[{"count":1,"href":"https:\/\/jorgezanoni.com.br\/2019\/wp-json\/wp\/v2\/posts\/75886\/revisions"}],"predecessor-version":[{"id":75889,"href":"https:\/\/jorgezanoni.com.br\/2019\/wp-json\/wp\/v2\/posts\/75886\/revisions\/75889"}],"wp:featuredmedia":[{"embeddable":true,"href":"https:\/\/jorgezanoni.com.br\/2019\/wp-json\/wp\/v2\/media\/75887"}],"wp:attachment":[{"href":"https:\/\/jorgezanoni.com.br\/2019\/wp-json\/wp\/v2\/media?parent=75886"}],"wp:term":[{"taxonomy":"category","embeddable":true,"href":"https:\/\/jorgezanoni.com.br\/2019\/wp-json\/wp\/v2\/categories?post=75886"},{"taxonomy":"post_tag","embeddable":true,"href":"https:\/\/jorgezanoni.com.br\/2019\/wp-json\/wp\/v2\/tags?post=75886"}],"curies":[{"name":"wp","href":"https:\/\/api.w.org\/{rel}","templated":true}]}}