{"id":75869,"date":"2023-05-08T17:51:39","date_gmt":"2023-05-08T17:51:39","guid":{"rendered":"https:\/\/jorgezanoni.com.br\/2019\/?p=75869"},"modified":"2023-05-08T17:51:39","modified_gmt":"2023-05-08T17:51:39","slug":"policia-militar-prende-homem-por-furto-e-recupera-todos-os-objetos-furtados-em-dracena","status":"publish","type":"post","link":"https:\/\/jorgezanoni.com.br\/2019\/policia-militar-prende-homem-por-furto-e-recupera-todos-os-objetos-furtados-em-dracena\/","title":{"rendered":"Pol\u00edcia Militar prende homem por furto e recupera todos os objetos furtados em Dracena"},"content":{"rendered":"<p style=\"text-align: justify;\"><strong>POL\u00cdCIA MILITAR EM A\u00c7\u00c3O DE FOR\u00c7A T\u00c1TICA POR DRACENA PRENDE HOMEM POR FURTO E RECUPERA TODOS OS OBJETOS FURTADOS.<\/strong><\/p>\n<p style=\"text-align: justify;\">\nNa data de ontem (07) por volta das 23h durante patrulhamento de For\u00e7a T\u00e1tica no munic\u00edpio de Dracena a equipe deparou com o indiv\u00edduo (homem 26 anos) pelo bairro Tonico Andr\u00e9 e como era de conhecimento que por volta das 21h havia realizado furto em resid\u00eancia foi abordado e ao realizar busca pessoal nada havia, mas com apoio das demais equipes de For\u00e7a T\u00e1tica foi localizado pr\u00f3ximo do local da abordagem os objetos furtados.<br \/>\nDiante dos fatos o indiv\u00edduo confessou a pr\u00e1tica do furto e foi dada voz de pris\u00e3o, permanecendo \u00e0 disposi\u00e7\u00e3o da Justi\u00e7a. Os objetos recuperados foram: &#8211; 01 ro\u00e7adeira;<br \/>\n&#8211; 01 botij\u00e3o de g\u00e1s.<\/p>\n<p style=\"text-align: justify;\">Fone: Com. Social Policia Militar<\/p>\n","protected":false},"excerpt":{"rendered":"<p>POL\u00cdCIA MILITAR EM A\u00c7\u00c3O DE FOR\u00c7A T\u00c1TICA POR DRACENA PRENDE HOMEM POR FURTO E RECUPERA TODOS OS OBJETOS FURTADOS. Na data de ontem (07) por volta das 23h durante patrulhamento de For\u00e7a T\u00e1tica no munic\u00edpio de Dracena a equipe deparou com o indiv\u00edduo (homem 26 anos) pelo bairro Tonico Andr\u00e9 e como era de conhecimento [&hellip;]<\/p>\n","protected":false},"author":1,"featured_media":75870,"comment_status":"closed","ping_status":"open","sticky":false,"template":"","format":"standard","meta":{"footnotes":""},"categories":[110,2],"tags":[],"class_list":["post-75869","post","type-post","status-publish","format-standard","has-post-thumbnail","hentry","category-noticiasdestaque","category-policial"],"_links":{"self":[{"href":"https:\/\/jorgezanoni.com.br\/2019\/wp-json\/wp\/v2\/posts\/75869","targetHints":{"allow":["GET"]}}],"collection":[{"href":"https:\/\/jorgezanoni.com.br\/2019\/wp-json\/wp\/v2\/posts"}],"about":[{"href":"https:\/\/jorgezanoni.com.br\/2019\/wp-json\/wp\/v2\/types\/post"}],"author":[{"embeddable":true,"href":"https:\/\/jorgezanoni.com.br\/2019\/wp-json\/wp\/v2\/users\/1"}],"replies":[{"embeddable":true,"href":"https:\/\/jorgezanoni.com.br\/2019\/wp-json\/wp\/v2\/comments?post=75869"}],"version-history":[{"count":1,"href":"https:\/\/jorgezanoni.com.br\/2019\/wp-json\/wp\/v2\/posts\/75869\/revisions"}],"predecessor-version":[{"id":75871,"href":"https:\/\/jorgezanoni.com.br\/2019\/wp-json\/wp\/v2\/posts\/75869\/revisions\/75871"}],"wp:featuredmedia":[{"embeddable":true,"href":"https:\/\/jorgezanoni.com.br\/2019\/wp-json\/wp\/v2\/media\/75870"}],"wp:attachment":[{"href":"https:\/\/jorgezanoni.com.br\/2019\/wp-json\/wp\/v2\/media?parent=75869"}],"wp:term":[{"taxonomy":"category","embeddable":true,"href":"https:\/\/jorgezanoni.com.br\/2019\/wp-json\/wp\/v2\/categories?post=75869"},{"taxonomy":"post_tag","embeddable":true,"href":"https:\/\/jorgezanoni.com.br\/2019\/wp-json\/wp\/v2\/tags?post=75869"}],"curies":[{"name":"wp","href":"https:\/\/api.w.org\/{rel}","templated":true}]}}