{"id":7584,"date":"2019-09-29T23:49:11","date_gmt":"2019-09-29T23:49:11","guid":{"rendered":"https:\/\/jorgezanoni.com.br\/2019\/?p=7584"},"modified":"2019-09-29T23:49:11","modified_gmt":"2019-09-29T23:49:11","slug":"homem-que-estava-desaparecido-ha-quatro-meses-e-localizado-debilitado-dentro-de-galeria-de-concreto-na-area-rural","status":"publish","type":"post","link":"https:\/\/jorgezanoni.com.br\/2019\/homem-que-estava-desaparecido-ha-quatro-meses-e-localizado-debilitado-dentro-de-galeria-de-concreto-na-area-rural\/","title":{"rendered":"Homem que estava desaparecido h\u00e1 quatro meses \u00e9 localizado debilitado dentro de galeria de concreto na \u00e1rea rural"},"content":{"rendered":"<p style=\"text-align: justify;\"><em><strong>Pol\u00edcia Civil atua na investiga\u00e7\u00e3o deste caso.<\/strong><br \/>\n<\/em><br \/>\nUm homem que havia desaparecido ao sair para trabalhar na madrugada de 27 de maio, h\u00e1 exatamente quatro meses, completados nesta sexta-feira, foi localizado bastante debilitado deitado dentro de uma galeria de concreto na \u00e1rea rural de Fl\u00f3rida Paulista.<\/p>\n<p><strong><em><a href=\"https:\/\/ifolharegional.com.br\/2019\/05\/29\/florida-homem-que-estava-morando-ha-poucos-dias-na-cidade-desaparece-policia-civil-e-familia-fazem-buscas\/\">(CLIQUE AQUI E REVEJA A REPORTAGEM DO DESAPARECIMENTO)<\/a><br \/>\n<\/em><\/strong><br \/>\nEle foi localizado por pessoas que passavam por um carreador de uma planta\u00e7\u00e3o de cana-de-a\u00e7\u00facar localizado nas proximidades da vicinal Durval Luis Poiani que liga a cidade ao Bairro Rural Tr\u00eas Porteiras.<\/p>\n<p>Uma testemunha informou \u00e0 Pol\u00edcia Civil que estava caminhando pelo local quando escutou um barulho vindo do interior da galeria de tubos de concreto e que chamou outra pessoa para ajuda-lo e ao descerem at\u00e9 o local se depararam com o homem que estava deitado bastante debilitado.<\/p>\n<p>O Corpo de Bombeiros de Adamantina foi acionado e esteve no local para prestar atendimento ao homem que foi levado para a Santa Casa de Fl\u00f3rida Paulista. Ele passou por atendimento m\u00e9dico e devido seu estado de sa\u00fade, permanece internado.<\/p>\n<p>A Pol\u00edcia Civil informou que o homem disse que estava pelo local h\u00e1 alguns dias e que estava se alimentando de cana de a\u00e7\u00facar, por\u00e9m, com a colheita realizada pela usina, toda a cana foi retirada e ele estava por pelo menos uns 15 dias sem nenhuma alimenta\u00e7\u00e3o e por isso deitou dentro da galeria e fraco, n\u00e3o conseguia mais sair.<\/p>\n<p>A Pol\u00edcia Civil de Fl\u00f3rida Paulista que vinha h\u00e1 mais de 120 dias realizando buscas pelo desaparecido registrou o seu encontro. O homem deve ser ouvido nas pr\u00f3ximas horas quando ter\u00e1 a oportunidade de dar detalhes e motivos de seu sumi\u00e7o.<\/p>\n<p>\u201cVamos aguardar a recupera\u00e7\u00e3o para que ele esteja l\u00facido e em condi\u00e7\u00f5es de ser ouvido, continuaremos com o inqu\u00e9rito para apurar o que o levou \u00e0 desaparecer bem como o poss\u00edvel envolvimento de outras pessoas neste caso\u201d, informou o delegado de pol\u00edcia Dr. Hilton Testi Renz em entrevista \u00e0 reportagem da Folha Regional.<br \/>\n<strong><br \/>\n<\/strong>Fotos: Diego Fernandes Silva \/ Folha Regional<\/p>\n","protected":false},"excerpt":{"rendered":"<p>Pol\u00edcia Civil atua na investiga\u00e7\u00e3o deste caso. Um homem que havia desaparecido ao sair para trabalhar na madrugada de 27 de maio, h\u00e1 exatamente quatro meses, completados nesta sexta-feira, foi localizado bastante debilitado deitado dentro de uma galeria de concreto na \u00e1rea rural de Fl\u00f3rida Paulista. (CLIQUE AQUI E REVEJA A REPORTAGEM DO DESAPARECIMENTO) Ele [&hellip;]<\/p>\n","protected":false},"author":1,"featured_media":7585,"comment_status":"closed","ping_status":"open","sticky":false,"template":"","format":"standard","meta":{"footnotes":""},"categories":[110,2],"tags":[],"class_list":["post-7584","post","type-post","status-publish","format-standard","has-post-thumbnail","hentry","category-noticiasdestaque","category-policial"],"_links":{"self":[{"href":"https:\/\/jorgezanoni.com.br\/2019\/wp-json\/wp\/v2\/posts\/7584","targetHints":{"allow":["GET"]}}],"collection":[{"href":"https:\/\/jorgezanoni.com.br\/2019\/wp-json\/wp\/v2\/posts"}],"about":[{"href":"https:\/\/jorgezanoni.com.br\/2019\/wp-json\/wp\/v2\/types\/post"}],"author":[{"embeddable":true,"href":"https:\/\/jorgezanoni.com.br\/2019\/wp-json\/wp\/v2\/users\/1"}],"replies":[{"embeddable":true,"href":"https:\/\/jorgezanoni.com.br\/2019\/wp-json\/wp\/v2\/comments?post=7584"}],"version-history":[{"count":0,"href":"https:\/\/jorgezanoni.com.br\/2019\/wp-json\/wp\/v2\/posts\/7584\/revisions"}],"wp:featuredmedia":[{"embeddable":true,"href":"https:\/\/jorgezanoni.com.br\/2019\/wp-json\/wp\/v2\/media\/7585"}],"wp:attachment":[{"href":"https:\/\/jorgezanoni.com.br\/2019\/wp-json\/wp\/v2\/media?parent=7584"}],"wp:term":[{"taxonomy":"category","embeddable":true,"href":"https:\/\/jorgezanoni.com.br\/2019\/wp-json\/wp\/v2\/categories?post=7584"},{"taxonomy":"post_tag","embeddable":true,"href":"https:\/\/jorgezanoni.com.br\/2019\/wp-json\/wp\/v2\/tags?post=7584"}],"curies":[{"name":"wp","href":"https:\/\/api.w.org\/{rel}","templated":true}]}}