{"id":75833,"date":"2023-05-07T14:32:04","date_gmt":"2023-05-07T14:32:04","guid":{"rendered":"https:\/\/jorgezanoni.com.br\/2019\/?p=75833"},"modified":"2023-05-07T14:32:04","modified_gmt":"2023-05-07T14:32:04","slug":"dracena-tempersul-unifadra-contrata-o-tecnico-reginaldo-silva","status":"publish","type":"post","link":"https:\/\/jorgezanoni.com.br\/2019\/dracena-tempersul-unifadra-contrata-o-tecnico-reginaldo-silva\/","title":{"rendered":"Dracena Tempersul Unifadra contrata o t\u00e9cnico Reginaldo Silva"},"content":{"rendered":"<p class=\"v1MsoNormal\" style=\"text-align: justify;\"><strong>A dire\u00e7\u00e3o do Dracena Tempersul Unifadra acertou a contrata\u00e7\u00e3o do professor Reginaldo Silva para o comando t\u00e9cnico da equipe no restante da temporada 2023.<\/strong><\/p>\n<p class=\"v1MsoNormal\" style=\"text-align: justify;\">Ele chega para ocupar a vaga que nas duas \u00faltimas temporadas e meia pertenceu ao t\u00e9cnico Flavinho Cavalcante.<\/p>\n<p class=\"v1MsoNormal\" style=\"text-align: justify;\">Cearense de Morada Nova, Reginaldo tem 41 anos e estava comandando a APAF, de Paranagu\u00e1, na S\u00e9rie Prata do futsal paranaense. Al\u00e9m do time litor\u00e2neo, coleciona passagens pelo Toledo (PR), Pitanga (PR), Apucarana (PR), Ivaipor\u00e3 (PR), Horizonte (CE) e Reriutaba (CE).<\/p>\n<p class=\"v1MsoNormal\" style=\"text-align: justify;\">&#8220;\u00c9 um sentimento de alegria estar \u00e0 frente de uma equipe consolidada no cen\u00e1rio do futsal como o Dracena Tempersul Unifadra. Ent\u00e3o, minhas expectativas s\u00e3o as melhores poss\u00edveis nesse desafio que se inicia. Espero corresponder \u00e0 confian\u00e7a da diretoria e desenvolver um grande trabalho junto aos atletas, comiss\u00e3o t\u00e9cnica e torcedores&#8221;, disse Reginaldo.<\/p>\n<p class=\"v1MsoNormal\" style=\"text-align: justify;\">O professor Reginaldo Silva chega a Dracena na manh\u00e3 de domingo e j\u00e1 comanda duas sess\u00f5es de treinos com a equipe no gin\u00e1sio Dovilho Moura (10h) e no gin\u00e1sio Alaor Ferrari (17h).<\/p>\n<p><img loading=\"lazy\" decoding=\"async\" class=\"alignnone size-full wp-image-75835\" src=\"https:\/\/jorgezanoni.com.br\/2019\/wp-content\/uploads\/2023\/05\/Reginaldo-Silva-arquivo-pessoal-2.jpeg\" alt=\"\" width=\"700\" height=\"466\" srcset=\"https:\/\/jorgezanoni.com.br\/2019\/wp-content\/uploads\/2023\/05\/Reginaldo-Silva-arquivo-pessoal-2.jpeg 700w, https:\/\/jorgezanoni.com.br\/2019\/wp-content\/uploads\/2023\/05\/Reginaldo-Silva-arquivo-pessoal-2-300x200.jpeg 300w, https:\/\/jorgezanoni.com.br\/2019\/wp-content\/uploads\/2023\/05\/Reginaldo-Silva-arquivo-pessoal-2-696x463.jpeg 696w, https:\/\/jorgezanoni.com.br\/2019\/wp-content\/uploads\/2023\/05\/Reginaldo-Silva-arquivo-pessoal-2-631x420.jpeg 631w\" sizes=\"auto, (max-width: 700px) 100vw, 700px\" \/><\/p>\n<p style=\"text-align: justify;\">Fonte: Assessoria de Imprensa<\/p>\n","protected":false},"excerpt":{"rendered":"<p>A dire\u00e7\u00e3o do Dracena Tempersul Unifadra acertou a contrata\u00e7\u00e3o do professor Reginaldo Silva para o comando t\u00e9cnico da equipe no restante da temporada 2023. Ele chega para ocupar a vaga que nas duas \u00faltimas temporadas e meia pertenceu ao t\u00e9cnico Flavinho Cavalcante. Cearense de Morada Nova, Reginaldo tem 41 anos e estava comandando a APAF, [&hellip;]<\/p>\n","protected":false},"author":1,"featured_media":75834,"comment_status":"closed","ping_status":"open","sticky":false,"template":"","format":"standard","meta":{"footnotes":""},"categories":[111,110],"tags":[],"class_list":["post-75833","post","type-post","status-publish","format-standard","has-post-thumbnail","hentry","category-esporteecultura","category-noticiasdestaque"],"_links":{"self":[{"href":"https:\/\/jorgezanoni.com.br\/2019\/wp-json\/wp\/v2\/posts\/75833","targetHints":{"allow":["GET"]}}],"collection":[{"href":"https:\/\/jorgezanoni.com.br\/2019\/wp-json\/wp\/v2\/posts"}],"about":[{"href":"https:\/\/jorgezanoni.com.br\/2019\/wp-json\/wp\/v2\/types\/post"}],"author":[{"embeddable":true,"href":"https:\/\/jorgezanoni.com.br\/2019\/wp-json\/wp\/v2\/users\/1"}],"replies":[{"embeddable":true,"href":"https:\/\/jorgezanoni.com.br\/2019\/wp-json\/wp\/v2\/comments?post=75833"}],"version-history":[{"count":1,"href":"https:\/\/jorgezanoni.com.br\/2019\/wp-json\/wp\/v2\/posts\/75833\/revisions"}],"predecessor-version":[{"id":75836,"href":"https:\/\/jorgezanoni.com.br\/2019\/wp-json\/wp\/v2\/posts\/75833\/revisions\/75836"}],"wp:featuredmedia":[{"embeddable":true,"href":"https:\/\/jorgezanoni.com.br\/2019\/wp-json\/wp\/v2\/media\/75834"}],"wp:attachment":[{"href":"https:\/\/jorgezanoni.com.br\/2019\/wp-json\/wp\/v2\/media?parent=75833"}],"wp:term":[{"taxonomy":"category","embeddable":true,"href":"https:\/\/jorgezanoni.com.br\/2019\/wp-json\/wp\/v2\/categories?post=75833"},{"taxonomy":"post_tag","embeddable":true,"href":"https:\/\/jorgezanoni.com.br\/2019\/wp-json\/wp\/v2\/tags?post=75833"}],"curies":[{"name":"wp","href":"https:\/\/api.w.org\/{rel}","templated":true}]}}