{"id":75815,"date":"2023-05-06T18:31:29","date_gmt":"2023-05-06T18:31:29","guid":{"rendered":"https:\/\/jorgezanoni.com.br\/2019\/?p=75815"},"modified":"2023-05-06T18:31:29","modified_gmt":"2023-05-06T18:31:29","slug":"dracena-participa-do-movimento-estadual-dos-servidores-do-tribunal-de-justica","status":"publish","type":"post","link":"https:\/\/jorgezanoni.com.br\/2019\/dracena-participa-do-movimento-estadual-dos-servidores-do-tribunal-de-justica\/","title":{"rendered":"Dracena participa do movimento estadual dos servidores do Tribunal de Justi\u00e7a"},"content":{"rendered":"<div class=\"xdj266r x11i5rnm xat24cr x1mh8g0r x1vvkbs x126k92a\">\n<div dir=\"auto\" style=\"text-align: justify;\"><strong>A ASSOJURIS (Associa\u00e7\u00e3o dos Servidores do Poder Judici\u00e1rio do Estado de S\u00e3o Paulo) organizou a paralisa\u00e7\u00e3o dos funcion\u00e1rios de F\u00f3runs, nesta sexta-feira, a partir das 13 horas. Houve ades\u00e3o em Dracena. O estadual contou com mais de 100 cidades participantes.<\/strong><\/div>\n<div dir=\"auto\"><\/div>\n<\/div>\n<div class=\"x11i5rnm xat24cr x1mh8g0r x1vvkbs xtlvy1s x126k92a\" style=\"text-align: justify;\">\n<div dir=\"auto\">O funcion\u00e1rio Ilton Guedes, que representa a ASSOJURIS na regi\u00e3o, informa que o motivo do movimento \u00e9 a falta de reajuste digno e justo aos servidores por parte do Tribunal de Justi\u00e7a. Ainda reivindicam a abertura de concursos para a contrata\u00e7\u00e3o de novos servidores, melhoria nos aux\u00edlios sa\u00fade, alimenta\u00e7\u00e3o e transporte, al\u00e9m de condi\u00e7\u00f5es de trabalho e realiza\u00e7\u00e3o de negocia\u00e7\u00e3o com a Presid\u00eancia do TJ.<\/div>\n<div dir=\"auto\"><\/div>\n<\/div>\n<div class=\"x11i5rnm xat24cr x1mh8g0r x1vvkbs xtlvy1s x126k92a\" style=\"text-align: justify;\">\n<div dir=\"auto\">PAUTA DE REIVINDICA\u00c7\u00d5ES<\/div>\n<\/div>\n<div class=\"x11i5rnm xat24cr x1mh8g0r x1vvkbs xtlvy1s x126k92a\">\n<div dir=\"auto\" style=\"text-align: justify;\">1) Pagamento imediato das perdas salariais acumuladas, medidas pelo INPC \u2013 31,82% \u2013 per\u00edodo de abril de 2002 a fevereiro de 2023; (Aqui anoto que o Tribunal concedeu 6% de reajuste mas, como ele est\u00e1 distante da defasagem acumulada, permanece a luta com intuito do Tribunal melhorar o \u00edndice);<\/div>\n<div dir=\"auto\" style=\"text-align: justify;\">2) Majora\u00e7\u00e3o dos aux\u00edlios alimenta\u00e7\u00e3o e transporte; (Anoto aqui que o Tribunal reajustou o aux\u00edlio alimenta\u00e7\u00e3o para R$ 60,00. O pedido era R$ 70,00).<\/div>\n<div dir=\"auto\" style=\"text-align: justify;\">3) Majora\u00e7\u00e3o do aux\u00edlio sa\u00fade (R$ 370,00) para 10% do subs\u00eddio do Juiz substituto, nos termos da Resolu\u00e7\u00e3o 294, do CNJ. Pela aplicabilidade do princ\u00edpio da proporcionalidade; (Anoto aqui que o Tribunal reajustou o aux\u00edlio sa\u00fade para R$ 500,00 e o pedido m\u00ednimo seria R$ 900,00);<\/div>\n<div dir=\"auto\" style=\"text-align: justify;\">4) N\u00edvel universit\u00e1rio para os escreventes t\u00e9cnicos Judici\u00e1rio;<\/div>\n<div dir=\"auto\" style=\"text-align: justify;\">5) Pela imediata abertura de de concurso p\u00fablico;<\/div>\n<div dir=\"auto\" style=\"text-align: justify;\">6) Pagamento administrativo para os servidores que t\u00eam direito sobre o 1,5%;<\/div>\n<div dir=\"auto\" style=\"text-align: justify;\">7) Revis\u00e3o do plano de cargos e carreiras,<\/div>\n<div dir=\"auto\" style=\"text-align: justify;\">Outros itens de pauta:<\/div>\n<div dir=\"auto\" style=\"text-align: justify;\">Participa\u00e7\u00e3o nas discuss\u00f5es envolvendo o teletrabalho.<\/div>\n<div dir=\"auto\" style=\"text-align: justify;\">Mesa de negocia\u00e7\u00e3o permanente com o Tribunal.<\/div>\n<\/div>\n<div dir=\"auto\"><\/div>\n<div dir=\"auto\"><img loading=\"lazy\" decoding=\"async\" class=\"alignnone size-full wp-image-75818\" src=\"https:\/\/jorgezanoni.com.br\/2019\/wp-content\/uploads\/2023\/05\/IMG_5960-Pequeno.jpg\" alt=\"\" width=\"640\" height=\"480\" srcset=\"https:\/\/jorgezanoni.com.br\/2019\/wp-content\/uploads\/2023\/05\/IMG_5960-Pequeno.jpg 640w, https:\/\/jorgezanoni.com.br\/2019\/wp-content\/uploads\/2023\/05\/IMG_5960-Pequeno-300x225.jpg 300w, https:\/\/jorgezanoni.com.br\/2019\/wp-content\/uploads\/2023\/05\/IMG_5960-Pequeno-80x60.jpg 80w, https:\/\/jorgezanoni.com.br\/2019\/wp-content\/uploads\/2023\/05\/IMG_5960-Pequeno-265x198.jpg 265w, https:\/\/jorgezanoni.com.br\/2019\/wp-content\/uploads\/2023\/05\/IMG_5960-Pequeno-560x420.jpg 560w\" sizes=\"auto, (max-width: 640px) 100vw, 640px\" \/> <img loading=\"lazy\" decoding=\"async\" class=\"alignnone size-full wp-image-75819\" src=\"https:\/\/jorgezanoni.com.br\/2019\/wp-content\/uploads\/2023\/05\/IMG_5961-Pequeno.jpg\" alt=\"\" width=\"640\" height=\"480\" srcset=\"https:\/\/jorgezanoni.com.br\/2019\/wp-content\/uploads\/2023\/05\/IMG_5961-Pequeno.jpg 640w, https:\/\/jorgezanoni.com.br\/2019\/wp-content\/uploads\/2023\/05\/IMG_5961-Pequeno-300x225.jpg 300w, https:\/\/jorgezanoni.com.br\/2019\/wp-content\/uploads\/2023\/05\/IMG_5961-Pequeno-80x60.jpg 80w, https:\/\/jorgezanoni.com.br\/2019\/wp-content\/uploads\/2023\/05\/IMG_5961-Pequeno-265x198.jpg 265w, https:\/\/jorgezanoni.com.br\/2019\/wp-content\/uploads\/2023\/05\/IMG_5961-Pequeno-560x420.jpg 560w\" sizes=\"auto, (max-width: 640px) 100vw, 640px\" \/> <img loading=\"lazy\" decoding=\"async\" class=\"alignnone size-full wp-image-75820\" src=\"https:\/\/jorgezanoni.com.br\/2019\/wp-content\/uploads\/2023\/05\/IMG_5962-Pequeno.jpg\" alt=\"\" width=\"640\" height=\"480\" srcset=\"https:\/\/jorgezanoni.com.br\/2019\/wp-content\/uploads\/2023\/05\/IMG_5962-Pequeno.jpg 640w, https:\/\/jorgezanoni.com.br\/2019\/wp-content\/uploads\/2023\/05\/IMG_5962-Pequeno-300x225.jpg 300w, https:\/\/jorgezanoni.com.br\/2019\/wp-content\/uploads\/2023\/05\/IMG_5962-Pequeno-80x60.jpg 80w, https:\/\/jorgezanoni.com.br\/2019\/wp-content\/uploads\/2023\/05\/IMG_5962-Pequeno-265x198.jpg 265w, https:\/\/jorgezanoni.com.br\/2019\/wp-content\/uploads\/2023\/05\/IMG_5962-Pequeno-560x420.jpg 560w\" sizes=\"auto, (max-width: 640px) 100vw, 640px\" \/> <img loading=\"lazy\" decoding=\"async\" class=\"alignnone size-full wp-image-75821\" src=\"https:\/\/jorgezanoni.com.br\/2019\/wp-content\/uploads\/2023\/05\/IMG_5963-Pequeno.jpg\" alt=\"\" width=\"640\" height=\"480\" srcset=\"https:\/\/jorgezanoni.com.br\/2019\/wp-content\/uploads\/2023\/05\/IMG_5963-Pequeno.jpg 640w, https:\/\/jorgezanoni.com.br\/2019\/wp-content\/uploads\/2023\/05\/IMG_5963-Pequeno-300x225.jpg 300w, https:\/\/jorgezanoni.com.br\/2019\/wp-content\/uploads\/2023\/05\/IMG_5963-Pequeno-80x60.jpg 80w, https:\/\/jorgezanoni.com.br\/2019\/wp-content\/uploads\/2023\/05\/IMG_5963-Pequeno-265x198.jpg 265w, https:\/\/jorgezanoni.com.br\/2019\/wp-content\/uploads\/2023\/05\/IMG_5963-Pequeno-560x420.jpg 560w\" sizes=\"auto, (max-width: 640px) 100vw, 640px\" \/> <img loading=\"lazy\" decoding=\"async\" class=\"alignnone size-full wp-image-75822\" src=\"https:\/\/jorgezanoni.com.br\/2019\/wp-content\/uploads\/2023\/05\/IMG_5967-Pequeno.jpg\" alt=\"\" width=\"640\" height=\"480\" srcset=\"https:\/\/jorgezanoni.com.br\/2019\/wp-content\/uploads\/2023\/05\/IMG_5967-Pequeno.jpg 640w, https:\/\/jorgezanoni.com.br\/2019\/wp-content\/uploads\/2023\/05\/IMG_5967-Pequeno-300x225.jpg 300w, https:\/\/jorgezanoni.com.br\/2019\/wp-content\/uploads\/2023\/05\/IMG_5967-Pequeno-80x60.jpg 80w, https:\/\/jorgezanoni.com.br\/2019\/wp-content\/uploads\/2023\/05\/IMG_5967-Pequeno-265x198.jpg 265w, https:\/\/jorgezanoni.com.br\/2019\/wp-content\/uploads\/2023\/05\/IMG_5967-Pequeno-560x420.jpg 560w\" sizes=\"auto, (max-width: 640px) 100vw, 640px\" \/><img loading=\"lazy\" decoding=\"async\" class=\"alignnone size-full wp-image-75816\" src=\"https:\/\/jorgezanoni.com.br\/2019\/wp-content\/uploads\/2023\/05\/Asso.jpg\" alt=\"\" width=\"1463\" height=\"482\" srcset=\"https:\/\/jorgezanoni.com.br\/2019\/wp-content\/uploads\/2023\/05\/Asso.jpg 1463w, https:\/\/jorgezanoni.com.br\/2019\/wp-content\/uploads\/2023\/05\/Asso-300x99.jpg 300w, https:\/\/jorgezanoni.com.br\/2019\/wp-content\/uploads\/2023\/05\/Asso-1024x337.jpg 1024w, https:\/\/jorgezanoni.com.br\/2019\/wp-content\/uploads\/2023\/05\/Asso-768x253.jpg 768w, https:\/\/jorgezanoni.com.br\/2019\/wp-content\/uploads\/2023\/05\/Asso-696x229.jpg 696w, https:\/\/jorgezanoni.com.br\/2019\/wp-content\/uploads\/2023\/05\/Asso-1068x352.jpg 1068w, https:\/\/jorgezanoni.com.br\/2019\/wp-content\/uploads\/2023\/05\/Asso-1275x420.jpg 1275w\" sizes=\"auto, (max-width: 1463px) 100vw, 1463px\" \/><img loading=\"lazy\" decoding=\"async\" class=\"alignnone size-full wp-image-75817\" src=\"https:\/\/jorgezanoni.com.br\/2019\/wp-content\/uploads\/2023\/05\/asso1.jpg\" alt=\"\" width=\"856\" height=\"716\" srcset=\"https:\/\/jorgezanoni.com.br\/2019\/wp-content\/uploads\/2023\/05\/asso1.jpg 856w, https:\/\/jorgezanoni.com.br\/2019\/wp-content\/uploads\/2023\/05\/asso1-300x251.jpg 300w, https:\/\/jorgezanoni.com.br\/2019\/wp-content\/uploads\/2023\/05\/asso1-768x642.jpg 768w, https:\/\/jorgezanoni.com.br\/2019\/wp-content\/uploads\/2023\/05\/asso1-696x582.jpg 696w, https:\/\/jorgezanoni.com.br\/2019\/wp-content\/uploads\/2023\/05\/asso1-502x420.jpg 502w\" sizes=\"auto, (max-width: 856px) 100vw, 856px\" \/><\/div>\n<div class=\"x11i5rnm xat24cr x1mh8g0r x1vvkbs xtlvy1s x126k92a\">\n<div dir=\"auto\"><\/div>\n<\/div>\n<div dir=\"auto\">Fonte: Diretoria da ASSOJURIS<\/div>\n<div dir=\"auto\">Fotos: Jorge Zanoni<\/div>\n","protected":false},"excerpt":{"rendered":"<p>A ASSOJURIS (Associa\u00e7\u00e3o dos Servidores do Poder Judici\u00e1rio do Estado de S\u00e3o Paulo) organizou a paralisa\u00e7\u00e3o dos funcion\u00e1rios de F\u00f3runs, nesta sexta-feira, a partir das 13 horas. Houve ades\u00e3o em Dracena. O estadual contou com mais de 100 cidades participantes. O funcion\u00e1rio Ilton Guedes, que representa a ASSOJURIS na regi\u00e3o, informa que o motivo do [&hellip;]<\/p>\n","protected":false},"author":1,"featured_media":75823,"comment_status":"closed","ping_status":"open","sticky":false,"template":"","format":"standard","meta":{"footnotes":""},"categories":[120,110],"tags":[],"class_list":["post-75815","post","type-post","status-publish","format-standard","has-post-thumbnail","hentry","category-justicahabitacaotecnologia","category-noticiasdestaque"],"_links":{"self":[{"href":"https:\/\/jorgezanoni.com.br\/2019\/wp-json\/wp\/v2\/posts\/75815","targetHints":{"allow":["GET"]}}],"collection":[{"href":"https:\/\/jorgezanoni.com.br\/2019\/wp-json\/wp\/v2\/posts"}],"about":[{"href":"https:\/\/jorgezanoni.com.br\/2019\/wp-json\/wp\/v2\/types\/post"}],"author":[{"embeddable":true,"href":"https:\/\/jorgezanoni.com.br\/2019\/wp-json\/wp\/v2\/users\/1"}],"replies":[{"embeddable":true,"href":"https:\/\/jorgezanoni.com.br\/2019\/wp-json\/wp\/v2\/comments?post=75815"}],"version-history":[{"count":1,"href":"https:\/\/jorgezanoni.com.br\/2019\/wp-json\/wp\/v2\/posts\/75815\/revisions"}],"predecessor-version":[{"id":75824,"href":"https:\/\/jorgezanoni.com.br\/2019\/wp-json\/wp\/v2\/posts\/75815\/revisions\/75824"}],"wp:featuredmedia":[{"embeddable":true,"href":"https:\/\/jorgezanoni.com.br\/2019\/wp-json\/wp\/v2\/media\/75823"}],"wp:attachment":[{"href":"https:\/\/jorgezanoni.com.br\/2019\/wp-json\/wp\/v2\/media?parent=75815"}],"wp:term":[{"taxonomy":"category","embeddable":true,"href":"https:\/\/jorgezanoni.com.br\/2019\/wp-json\/wp\/v2\/categories?post=75815"},{"taxonomy":"post_tag","embeddable":true,"href":"https:\/\/jorgezanoni.com.br\/2019\/wp-json\/wp\/v2\/tags?post=75815"}],"curies":[{"name":"wp","href":"https:\/\/api.w.org\/{rel}","templated":true}]}}