{"id":7581,"date":"2019-09-29T23:37:34","date_gmt":"2019-09-29T23:37:34","guid":{"rendered":"https:\/\/jorgezanoni.com.br\/2019\/?p=7581"},"modified":"2019-09-29T23:37:34","modified_gmt":"2019-09-29T23:37:34","slug":"operacao-da-policia-militar-e-conselho-tutelar-poe-fim-em-baile-de-rua-com-som-alto-e-bebidas-alcoolicas","status":"publish","type":"post","link":"https:\/\/jorgezanoni.com.br\/2019\/operacao-da-policia-militar-e-conselho-tutelar-poe-fim-em-baile-de-rua-com-som-alto-e-bebidas-alcoolicas\/","title":{"rendered":"Opera\u00e7\u00e3o da Pol\u00edcia Militar e Conselho Tutelar p\u00f5e fim em \u201cBaile de Rua\u201d com som alto e bebidas alco\u00f3licas"},"content":{"rendered":"<p style=\"text-align: justify;\">Um evento que havia sido programado em via p\u00fablica atrav\u00e9s das redes sociais convocando adeptos ao som alto e denominado \u201cBaile de Rua\u201d que ocorreria em Fl\u00f3rida Paulista e que vinha sendo monitorado h\u00e1 dias por policiais, teve fim ap\u00f3s uma ampla opera\u00e7\u00e3o desencadeada pela Pol\u00edcia Militar com que contou com o apoio da For\u00e7a T\u00e1tica e Conselho Tutelar na madrugada deste s\u00e1bado (28) em Fl\u00f3rida Paulista.<\/p>\n<p>O evento que ocorreria na Via de Acesso de Fl\u00f3rida Paulista, contou com a aglomera\u00e7\u00e3o de pessoas que foram dispersadas pela Pol\u00edcia Militar sob o comando do Sargento PM D\u2019Aquino que esteve no local e informou sobre a proibi\u00e7\u00e3o do mesmo bem como as consequ\u00eancias caso fosse realizado.<\/p>\n<p>Posteriormente, as mais de 150 pessoas que participariam do evento, segundo informou a PM, se deslocaram para um posto de combust\u00edveis na Avenida S\u00e3o Paulo e tomaram a Rua Leonor Spanguero sendo necess\u00e1rio o emprego efetivo das viaturas de \u00e1rea de Fl\u00f3rida Paulista, apoio da For\u00e7a T\u00e1tica e Conselho Tutelar que agiu na identifica\u00e7\u00e3o de menores presentes no local sendo constatado que diversos deles est\u00e3o em regime de liberdade assistida, estes tiveram seus nomes inclusos em relat\u00f3rio e dever\u00e3o responder junto \u00e0 Vara da Inf\u00e2ncia e da Juventude.<\/p>\n<p>A Pol\u00edcia Militar por sua vez efetuou a abordagem de pessoas e atitude suspeita realizando pesquisas junto ao banco de dados do Centro de Opera\u00e7\u00f5es al\u00e9m de dispersar a multid\u00e3o deixando o local livre e sem a presen\u00e7a dos autores de som alto, algazarra e cessando assim a perturba\u00e7\u00e3o de sossego no local.<\/p>\n<p>A nossa reportagem acompanhou a opera\u00e7\u00e3o e conversou com o Sargento PM D\u2019Aquino, que destacou \u201ca importante atua\u00e7\u00e3o da PM com o apoio t\u00e1tico e do Conselho Tutelar em mais esta a\u00e7\u00e3o que coibiu a realiza\u00e7\u00e3o do evento que ocorreria de forma ilegal gerando grandes transtornos a ordem p\u00fablica e tirando o sossego da popula\u00e7\u00e3o e comerciantes\u201d.<\/p>\n<p>Finalizando, o sargento informou ainda que \u201cn\u00e3o ser\u00e3o permitidos pela Pol\u00edcia Militar eventos em via p\u00fablica do tipo \u201cpancad\u00e3o\/som alto\u201d que envolvam a aglomera\u00e7\u00e3o de pessoas, consumo de bebidas alco\u00f3licas e outros tipos de drogas il\u00edcitas.<\/p>\n<p><strong>PARTICIPANTES DO EVENTO FLAGRADOS COM DROGAS<br \/>\n<\/strong><br \/>\nUm ve\u00edculo Ford\/Verona ocupado por indiv\u00edduos de Pacaembu que foram visualizados pela Pol\u00edcia Militar participando do evento foi abordado na SP-294 pr\u00f3ximo ao presidio de Pacaembu e com eles localizados v\u00e1rios pinos de coca\u00edna que possivelmente estariam sendo vendidos no evento em Fl\u00f3rida Paulista.<\/p>\n<p style=\"text-align: justify;\">Fonte: Folha Regional<\/p>\n","protected":false},"excerpt":{"rendered":"<p>Um evento que havia sido programado em via p\u00fablica atrav\u00e9s das redes sociais convocando adeptos ao som alto e denominado \u201cBaile de Rua\u201d que ocorreria em Fl\u00f3rida Paulista e que vinha sendo monitorado h\u00e1 dias por policiais, teve fim ap\u00f3s uma ampla opera\u00e7\u00e3o desencadeada pela Pol\u00edcia Militar com que contou com o apoio da For\u00e7a [&hellip;]<\/p>\n","protected":false},"author":1,"featured_media":7582,"comment_status":"closed","ping_status":"open","sticky":false,"template":"","format":"standard","meta":{"footnotes":""},"categories":[110,2],"tags":[],"class_list":["post-7581","post","type-post","status-publish","format-standard","has-post-thumbnail","hentry","category-noticiasdestaque","category-policial"],"_links":{"self":[{"href":"https:\/\/jorgezanoni.com.br\/2019\/wp-json\/wp\/v2\/posts\/7581","targetHints":{"allow":["GET"]}}],"collection":[{"href":"https:\/\/jorgezanoni.com.br\/2019\/wp-json\/wp\/v2\/posts"}],"about":[{"href":"https:\/\/jorgezanoni.com.br\/2019\/wp-json\/wp\/v2\/types\/post"}],"author":[{"embeddable":true,"href":"https:\/\/jorgezanoni.com.br\/2019\/wp-json\/wp\/v2\/users\/1"}],"replies":[{"embeddable":true,"href":"https:\/\/jorgezanoni.com.br\/2019\/wp-json\/wp\/v2\/comments?post=7581"}],"version-history":[{"count":0,"href":"https:\/\/jorgezanoni.com.br\/2019\/wp-json\/wp\/v2\/posts\/7581\/revisions"}],"wp:featuredmedia":[{"embeddable":true,"href":"https:\/\/jorgezanoni.com.br\/2019\/wp-json\/wp\/v2\/media\/7582"}],"wp:attachment":[{"href":"https:\/\/jorgezanoni.com.br\/2019\/wp-json\/wp\/v2\/media?parent=7581"}],"wp:term":[{"taxonomy":"category","embeddable":true,"href":"https:\/\/jorgezanoni.com.br\/2019\/wp-json\/wp\/v2\/categories?post=7581"},{"taxonomy":"post_tag","embeddable":true,"href":"https:\/\/jorgezanoni.com.br\/2019\/wp-json\/wp\/v2\/tags?post=7581"}],"curies":[{"name":"wp","href":"https:\/\/api.w.org\/{rel}","templated":true}]}}