{"id":75804,"date":"2023-05-06T17:37:13","date_gmt":"2023-05-06T17:37:13","guid":{"rendered":"https:\/\/jorgezanoni.com.br\/2019\/?p=75804"},"modified":"2023-05-06T17:37:13","modified_gmt":"2023-05-06T17:37:13","slug":"policia-civil-desarticula-ponto-de-venda-de-drogas-e-prende-suspeito-por-trafico-em-dracena","status":"publish","type":"post","link":"https:\/\/jorgezanoni.com.br\/2019\/policia-civil-desarticula-ponto-de-venda-de-drogas-e-prende-suspeito-por-trafico-em-dracena\/","title":{"rendered":"Policia Civil desarticula ponto de venda de Drogas e prende suspeito por Tr\u00e1fico em Dracena"},"content":{"rendered":"<p style=\"text-align: justify;\"><strong>A a\u00e7\u00e3o policial ocorreu em uma resid\u00eancia do bairro Vila Barros. Foram apreendidas v\u00e1rias por\u00e7\u00f5es de crack e maconha, bem como uma balan\u00e7a de precis\u00e3o, um simulacro de arma de fogo, tr\u00eas celulares, valores em notas diversas, e outros objetos comumente utilizados na trafic\u00e2ncia.<\/strong><\/p>\n<p style=\"text-align: justify;\">A Pol\u00edcia Civil, por interm\u00e9dio da Unidades Especializadas (Delegacia de Investiga\u00e7\u00f5es Gerais &#8211; DIG e Delegacia de Investiga\u00e7\u00f5es Sobre Entorpecentes &#8211; DISE), desarticulou nesta sexta-feira (5), um ponto de tr\u00e1fico localizado em uma resid\u00eancia do bairro Vila Barros, em Dracena (SP). Durante a\u00e7\u00e3o policial, um suspeito de 18 anos, foi preso em flagrante, e dois adolescentes, que n\u00e3o tiveram as idades divulgadas, tamb\u00e9m foram apreendidos.<\/p>\n<p style=\"text-align: justify;\">As pris\u00f5es s\u00e3o resultado de um trabalho investigativo desenvolvido pelos agentes das Unidades Especializadas, visando o combate aos pontos tr\u00e1fico de drogas, em Dracena, e que conhecido popularmente como \u201cbiqueiras\u201d. Durante as investiga\u00e7\u00f5es se apurou ind\u00edcios da exist\u00eancia da trafic\u00e2ncia, sendo ent\u00e3o requerido pela Autoridade Policial um pedido de mandado de busca e apreens\u00e3o domiciliar, o que foi concedido pela Justi\u00e7a.<\/p>\n<p style=\"text-align: justify;\">Durante a realiza\u00e7\u00e3o do cumprimento do mandado, os policiais civis localizaram na casa do suspeito investigado, v\u00e1rias por\u00e7\u00f5es de crack e maconha, acondicionadas e prontas para venda, uma balan\u00e7a de precis\u00e3o, um simulacro de arma de fogo, tr\u00eas celulares, valores em notas diversas, al\u00e9m de outros apetrechos comumente utilizados na mercancia de drogas, caracterizando que a resid\u00eancia era destinada para guarda e o com\u00e9rcio das substancias entorpecentes.<\/p>\n<p style=\"text-align: justify;\">Diante do flagrante, o homem e os adolescentes foram conduzidos para o Plant\u00e3o Policial Permanente de Dracena, onde o adulto foi autuado em flagrante por tr\u00e1fico, associa\u00e7\u00e3o para o tr\u00e1fico de drogas e corrup\u00e7\u00e3o de menores. J\u00e1 os adolescentes ficaram apreendidos por ato infracional an\u00e1logo aos crimes de tr\u00e1fico drogas e associa\u00e7\u00e3o para o tr\u00e1fico.<\/p>\n<p style=\"text-align: justify;\">Os materiais il\u00edcitos e os demais objetos ser\u00e3o encaminhados ao Instituto de Criminal\u00edstica para emiss\u00e3o de laudo pericial.<\/p>\n<p style=\"text-align: justify;\">O acusado e os menores passar\u00e3o por audi\u00eancia de custodia, para posterior encaminhamento ao sistema prisional e a Funda\u00e7\u00e3o Casa, ficando todos \u00e0 disposi\u00e7\u00e3o da Justi\u00e7a.<\/p>\n<p><img loading=\"lazy\" decoding=\"async\" class=\"alignnone size-full wp-image-75805\" src=\"https:\/\/jorgezanoni.com.br\/2019\/wp-content\/uploads\/2023\/05\/vila-1.jpg\" alt=\"\" width=\"700\" height=\"438\" srcset=\"https:\/\/jorgezanoni.com.br\/2019\/wp-content\/uploads\/2023\/05\/vila-1.jpg 700w, https:\/\/jorgezanoni.com.br\/2019\/wp-content\/uploads\/2023\/05\/vila-1-300x188.jpg 300w, https:\/\/jorgezanoni.com.br\/2019\/wp-content\/uploads\/2023\/05\/vila-1-696x435.jpg 696w, https:\/\/jorgezanoni.com.br\/2019\/wp-content\/uploads\/2023\/05\/vila-1-671x420.jpg 671w\" sizes=\"auto, (max-width: 700px) 100vw, 700px\" \/><\/p>\n<p style=\"text-align: justify;\">Fonte: Com. Social Pol\u00edcia Civil<\/p>\n","protected":false},"excerpt":{"rendered":"<p>A a\u00e7\u00e3o policial ocorreu em uma resid\u00eancia do bairro Vila Barros. Foram apreendidas v\u00e1rias por\u00e7\u00f5es de crack e maconha, bem como uma balan\u00e7a de precis\u00e3o, um simulacro de arma de fogo, tr\u00eas celulares, valores em notas diversas, e outros objetos comumente utilizados na trafic\u00e2ncia. A Pol\u00edcia Civil, por interm\u00e9dio da Unidades Especializadas (Delegacia de Investiga\u00e7\u00f5es [&hellip;]<\/p>\n","protected":false},"author":1,"featured_media":75806,"comment_status":"closed","ping_status":"open","sticky":false,"template":"","format":"standard","meta":{"footnotes":""},"categories":[110,2],"tags":[],"class_list":["post-75804","post","type-post","status-publish","format-standard","has-post-thumbnail","hentry","category-noticiasdestaque","category-policial"],"_links":{"self":[{"href":"https:\/\/jorgezanoni.com.br\/2019\/wp-json\/wp\/v2\/posts\/75804","targetHints":{"allow":["GET"]}}],"collection":[{"href":"https:\/\/jorgezanoni.com.br\/2019\/wp-json\/wp\/v2\/posts"}],"about":[{"href":"https:\/\/jorgezanoni.com.br\/2019\/wp-json\/wp\/v2\/types\/post"}],"author":[{"embeddable":true,"href":"https:\/\/jorgezanoni.com.br\/2019\/wp-json\/wp\/v2\/users\/1"}],"replies":[{"embeddable":true,"href":"https:\/\/jorgezanoni.com.br\/2019\/wp-json\/wp\/v2\/comments?post=75804"}],"version-history":[{"count":1,"href":"https:\/\/jorgezanoni.com.br\/2019\/wp-json\/wp\/v2\/posts\/75804\/revisions"}],"predecessor-version":[{"id":75807,"href":"https:\/\/jorgezanoni.com.br\/2019\/wp-json\/wp\/v2\/posts\/75804\/revisions\/75807"}],"wp:featuredmedia":[{"embeddable":true,"href":"https:\/\/jorgezanoni.com.br\/2019\/wp-json\/wp\/v2\/media\/75806"}],"wp:attachment":[{"href":"https:\/\/jorgezanoni.com.br\/2019\/wp-json\/wp\/v2\/media?parent=75804"}],"wp:term":[{"taxonomy":"category","embeddable":true,"href":"https:\/\/jorgezanoni.com.br\/2019\/wp-json\/wp\/v2\/categories?post=75804"},{"taxonomy":"post_tag","embeddable":true,"href":"https:\/\/jorgezanoni.com.br\/2019\/wp-json\/wp\/v2\/tags?post=75804"}],"curies":[{"name":"wp","href":"https:\/\/api.w.org\/{rel}","templated":true}]}}