{"id":75799,"date":"2023-05-06T17:25:51","date_gmt":"2023-05-06T17:25:51","guid":{"rendered":"https:\/\/jorgezanoni.com.br\/2019\/?p=75799"},"modified":"2023-05-06T17:46:24","modified_gmt":"2023-05-06T17:46:24","slug":"policia-civil-participa-de-evento-promovido-pela-diretoria-regional-de-ensino-de-adamantina-em-dracena","status":"publish","type":"post","link":"https:\/\/jorgezanoni.com.br\/2019\/policia-civil-participa-de-evento-promovido-pela-diretoria-regional-de-ensino-de-adamantina-em-dracena\/","title":{"rendered":"Pol\u00edcia Civil participa de evento promovido pela Diretoria Regional de Ensino de Adamantina, em Dracena"},"content":{"rendered":"<div style=\"text-align: justify;\"><strong>A Pol\u00edcia Civil de Dracena pela Delegacia Seccional de Pol\u00edcia de participou na data de sexta-fera, dia 04.05.23, na sede da Apeoesp local de um\u00a0 evento, qual seja o 2\u00ba Encontro de Gremistas \u201cTribos: nas trilhas dos Direitos Humanos\u201d.<\/strong><\/div>\n<div style=\"text-align: justify;\"><\/div>\n<div style=\"text-align: justify;\">Participaram 22 munic\u00edpios da \u00e1rea da Diretoria Regional de Ensino de Adamantina, na qual Dracena encontra-se inserida.<\/div>\n<div style=\"text-align: justify;\"><\/div>\n<div style=\"text-align: justify;\">Foram 33 escolas participantes, com 160 estudantes, 35 Coordenadores de Organiza\u00e7\u00e3o Escolar, 11 Supervisores de Ensino, e 17 Professores Coordenadores da Diretoria de Ensino.<\/div>\n<div style=\"text-align: justify;\"><\/div>\n<div style=\"text-align: justify;\">Equipes de acolhimento encontravam-se espalhadas em v\u00e1rios pontos do evento e contou com a presen\u00e7a do Delegado de Pol\u00edcia Dr. F\u00e9res Cury Karam, especialmente designado pelo Delegado Seccional de Pol\u00edcia de Dracena Dr. Alexandre Luis Luengo Lopes para a ocasi\u00e3o.<\/div>\n<div style=\"text-align: justify;\"><\/div>\n<div style=\"text-align: justify;\">Recepcionado pela Dirigente da Diretoria de Ensino e participantes, o Delegado discorreu sobre importante tema, qual seja: \u201cDireitos Humanos : Uma vis\u00e3o de \u00c9tica e Cidadania no mundo atual\u201d.<\/div>\n<div style=\"text-align: justify;\"><\/div>\n<div style=\"text-align: justify;\">In\u00fameras apresenta\u00e7\u00f5es culturais e art\u00edsticas foram realizadas.<\/div>\n<div style=\"text-align: justify;\"><\/div>\n<div style=\"text-align: justify;\">O Delegado F\u00e9res Cury Karam, Assistente da Delegacia Seccional de Pol\u00edcia de Dracena, Setor de Comunica\u00e7\u00f5es Sociais e Professor de Atendimento ao P\u00fablico na Academia de Pol\u00edcia Civil de S\u00e3o Paulo, pela UEP 8 &#8211; Unidade de Ensino e Pesquisa de Presidente Prudente, trouxe importantes no\u00e7\u00f5es e procedimentos a serem seguidos pelos alunos participantes, bem como por todos os presentes.<\/div>\n<div style=\"text-align: justify;\"><\/div>\n<div style=\"text-align: justify;\">Houve intensa intera\u00e7\u00e3o com o p\u00fablico presente ao evento que pode ser considerado de grande magnitude, dada a sua import\u00e2ncia e a import\u00e2ncia dos participantes regionais que compareceram transformando o ambiente em uma pra\u00e7a de respeito aos Direitos Humanos e o comprometimento em melhoria cont\u00ednua, visando melhorias na educa\u00e7\u00e3o e na sociedade. A vis\u00e3o \u00e9 que sejam respeitados os Direitos Humanos, por\u00e9m com a condi\u00e7\u00e3o primordial de serem todos Humanos Direitos.<\/div>\n<div style=\"text-align: justify;\"><\/div>\n<div style=\"text-align: justify;\">Homenagens foram prestadas ao palestrante que recebeu em nome da institui\u00e7\u00e3o Pol\u00edcia Civil, marcando, assim, uma grande intera\u00e7\u00e3o e parceria com a Secretaria da Educa\u00e7\u00e3o do Estado de S\u00e3o Paulo<\/div>\n<div><\/div>\n<div style=\"text-align: justify;\"><img loading=\"lazy\" decoding=\"async\" class=\"alignnone size-full wp-image-75801\" src=\"https:\/\/jorgezanoni.com.br\/2019\/wp-content\/uploads\/2023\/05\/sec-2.jpg\" alt=\"\" width=\"417\" height=\"593\" srcset=\"https:\/\/jorgezanoni.com.br\/2019\/wp-content\/uploads\/2023\/05\/sec-2.jpg 417w, https:\/\/jorgezanoni.com.br\/2019\/wp-content\/uploads\/2023\/05\/sec-2-211x300.jpg 211w, https:\/\/jorgezanoni.com.br\/2019\/wp-content\/uploads\/2023\/05\/sec-2-295x420.jpg 295w\" sizes=\"auto, (max-width: 417px) 100vw, 417px\" \/><img loading=\"lazy\" decoding=\"async\" class=\"alignnone size-full wp-image-75808\" src=\"https:\/\/jorgezanoni.com.br\/2019\/wp-content\/uploads\/2023\/05\/zep.jpg\" alt=\"\" width=\"1032\" height=\"581\" srcset=\"https:\/\/jorgezanoni.com.br\/2019\/wp-content\/uploads\/2023\/05\/zep.jpg 1032w, https:\/\/jorgezanoni.com.br\/2019\/wp-content\/uploads\/2023\/05\/zep-300x169.jpg 300w, https:\/\/jorgezanoni.com.br\/2019\/wp-content\/uploads\/2023\/05\/zep-1024x576.jpg 1024w, https:\/\/jorgezanoni.com.br\/2019\/wp-content\/uploads\/2023\/05\/zep-768x432.jpg 768w, https:\/\/jorgezanoni.com.br\/2019\/wp-content\/uploads\/2023\/05\/zep-696x392.jpg 696w, https:\/\/jorgezanoni.com.br\/2019\/wp-content\/uploads\/2023\/05\/zep-746x420.jpg 746w\" sizes=\"auto, (max-width: 1032px) 100vw, 1032px\" \/> <img loading=\"lazy\" decoding=\"async\" class=\"alignnone size-full wp-image-75809\" src=\"https:\/\/jorgezanoni.com.br\/2019\/wp-content\/uploads\/2023\/05\/zep1.jpg\" alt=\"\" width=\"900\" height=\"1600\" srcset=\"https:\/\/jorgezanoni.com.br\/2019\/wp-content\/uploads\/2023\/05\/zep1.jpg 900w, https:\/\/jorgezanoni.com.br\/2019\/wp-content\/uploads\/2023\/05\/zep1-169x300.jpg 169w, https:\/\/jorgezanoni.com.br\/2019\/wp-content\/uploads\/2023\/05\/zep1-576x1024.jpg 576w, https:\/\/jorgezanoni.com.br\/2019\/wp-content\/uploads\/2023\/05\/zep1-768x1365.jpg 768w, https:\/\/jorgezanoni.com.br\/2019\/wp-content\/uploads\/2023\/05\/zep1-864x1536.jpg 864w, https:\/\/jorgezanoni.com.br\/2019\/wp-content\/uploads\/2023\/05\/zep1-696x1237.jpg 696w, https:\/\/jorgezanoni.com.br\/2019\/wp-content\/uploads\/2023\/05\/zep1-236x420.jpg 236w\" sizes=\"auto, (max-width: 900px) 100vw, 900px\" \/> <img loading=\"lazy\" decoding=\"async\" class=\"alignnone size-full wp-image-75810\" src=\"https:\/\/jorgezanoni.com.br\/2019\/wp-content\/uploads\/2023\/05\/zep2.jpg\" alt=\"\" width=\"900\" height=\"1600\" srcset=\"https:\/\/jorgezanoni.com.br\/2019\/wp-content\/uploads\/2023\/05\/zep2.jpg 900w, https:\/\/jorgezanoni.com.br\/2019\/wp-content\/uploads\/2023\/05\/zep2-169x300.jpg 169w, https:\/\/jorgezanoni.com.br\/2019\/wp-content\/uploads\/2023\/05\/zep2-576x1024.jpg 576w, https:\/\/jorgezanoni.com.br\/2019\/wp-content\/uploads\/2023\/05\/zep2-768x1365.jpg 768w, https:\/\/jorgezanoni.com.br\/2019\/wp-content\/uploads\/2023\/05\/zep2-864x1536.jpg 864w, https:\/\/jorgezanoni.com.br\/2019\/wp-content\/uploads\/2023\/05\/zep2-696x1237.jpg 696w, https:\/\/jorgezanoni.com.br\/2019\/wp-content\/uploads\/2023\/05\/zep2-236x420.jpg 236w\" sizes=\"auto, (max-width: 900px) 100vw, 900px\" \/> <img loading=\"lazy\" decoding=\"async\" class=\"alignnone size-full wp-image-75811\" src=\"https:\/\/jorgezanoni.com.br\/2019\/wp-content\/uploads\/2023\/05\/zep4.jpg\" alt=\"\" width=\"1080\" height=\"1598\" srcset=\"https:\/\/jorgezanoni.com.br\/2019\/wp-content\/uploads\/2023\/05\/zep4.jpg 1080w, https:\/\/jorgezanoni.com.br\/2019\/wp-content\/uploads\/2023\/05\/zep4-203x300.jpg 203w, https:\/\/jorgezanoni.com.br\/2019\/wp-content\/uploads\/2023\/05\/zep4-692x1024.jpg 692w, https:\/\/jorgezanoni.com.br\/2019\/wp-content\/uploads\/2023\/05\/zep4-768x1136.jpg 768w, https:\/\/jorgezanoni.com.br\/2019\/wp-content\/uploads\/2023\/05\/zep4-1038x1536.jpg 1038w, https:\/\/jorgezanoni.com.br\/2019\/wp-content\/uploads\/2023\/05\/zep4-696x1030.jpg 696w, https:\/\/jorgezanoni.com.br\/2019\/wp-content\/uploads\/2023\/05\/zep4-1068x1580.jpg 1068w, https:\/\/jorgezanoni.com.br\/2019\/wp-content\/uploads\/2023\/05\/zep4-284x420.jpg 284w\" sizes=\"auto, (max-width: 1080px) 100vw, 1080px\" \/> <img loading=\"lazy\" decoding=\"async\" class=\"alignnone size-full wp-image-75812\" src=\"https:\/\/jorgezanoni.com.br\/2019\/wp-content\/uploads\/2023\/05\/zep5.jpg\" alt=\"\" width=\"1086\" height=\"1448\" srcset=\"https:\/\/jorgezanoni.com.br\/2019\/wp-content\/uploads\/2023\/05\/zep5.jpg 1086w, https:\/\/jorgezanoni.com.br\/2019\/wp-content\/uploads\/2023\/05\/zep5-225x300.jpg 225w, https:\/\/jorgezanoni.com.br\/2019\/wp-content\/uploads\/2023\/05\/zep5-768x1024.jpg 768w, https:\/\/jorgezanoni.com.br\/2019\/wp-content\/uploads\/2023\/05\/zep5-696x928.jpg 696w, https:\/\/jorgezanoni.com.br\/2019\/wp-content\/uploads\/2023\/05\/zep5-1068x1424.jpg 1068w, https:\/\/jorgezanoni.com.br\/2019\/wp-content\/uploads\/2023\/05\/zep5-315x420.jpg 315w\" sizes=\"auto, (max-width: 1086px) 100vw, 1086px\" \/>Dr. F\u00e9res Cury Karam Delegado de Pol\u00edcia, com a Dirigente Regional de Ensino de Adamantina Professora Irmes Roque Mattara,<\/div>\n<div><\/div>\n<div>Fonte: Com. Social Pol\u00edcia Civil<\/div>\n","protected":false},"excerpt":{"rendered":"<p>A Pol\u00edcia Civil de Dracena pela Delegacia Seccional de Pol\u00edcia de participou na data de sexta-fera, dia 04.05.23, na sede da Apeoesp local de um\u00a0 evento, qual seja o 2\u00ba Encontro de Gremistas \u201cTribos: nas trilhas dos Direitos Humanos\u201d. Participaram 22 munic\u00edpios da \u00e1rea da Diretoria Regional de Ensino de Adamantina, na qual Dracena encontra-se [&hellip;]<\/p>\n","protected":false},"author":1,"featured_media":75802,"comment_status":"closed","ping_status":"open","sticky":false,"template":"","format":"standard","meta":{"footnotes":""},"categories":[110,2,122],"tags":[],"class_list":["post-75799","post","type-post","status-publish","format-standard","has-post-thumbnail","hentry","category-noticiasdestaque","category-policial","category-saudeeducacaoeconcurso"],"_links":{"self":[{"href":"https:\/\/jorgezanoni.com.br\/2019\/wp-json\/wp\/v2\/posts\/75799","targetHints":{"allow":["GET"]}}],"collection":[{"href":"https:\/\/jorgezanoni.com.br\/2019\/wp-json\/wp\/v2\/posts"}],"about":[{"href":"https:\/\/jorgezanoni.com.br\/2019\/wp-json\/wp\/v2\/types\/post"}],"author":[{"embeddable":true,"href":"https:\/\/jorgezanoni.com.br\/2019\/wp-json\/wp\/v2\/users\/1"}],"replies":[{"embeddable":true,"href":"https:\/\/jorgezanoni.com.br\/2019\/wp-json\/wp\/v2\/comments?post=75799"}],"version-history":[{"count":3,"href":"https:\/\/jorgezanoni.com.br\/2019\/wp-json\/wp\/v2\/posts\/75799\/revisions"}],"predecessor-version":[{"id":75814,"href":"https:\/\/jorgezanoni.com.br\/2019\/wp-json\/wp\/v2\/posts\/75799\/revisions\/75814"}],"wp:featuredmedia":[{"embeddable":true,"href":"https:\/\/jorgezanoni.com.br\/2019\/wp-json\/wp\/v2\/media\/75802"}],"wp:attachment":[{"href":"https:\/\/jorgezanoni.com.br\/2019\/wp-json\/wp\/v2\/media?parent=75799"}],"wp:term":[{"taxonomy":"category","embeddable":true,"href":"https:\/\/jorgezanoni.com.br\/2019\/wp-json\/wp\/v2\/categories?post=75799"},{"taxonomy":"post_tag","embeddable":true,"href":"https:\/\/jorgezanoni.com.br\/2019\/wp-json\/wp\/v2\/tags?post=75799"}],"curies":[{"name":"wp","href":"https:\/\/api.w.org\/{rel}","templated":true}]}}