{"id":75796,"date":"2023-05-06T14:51:39","date_gmt":"2023-05-06T14:51:39","guid":{"rendered":"https:\/\/jorgezanoni.com.br\/2019\/?p=75796"},"modified":"2023-05-06T14:51:39","modified_gmt":"2023-05-06T14:51:39","slug":"homem-morre-apos-carro-perder-o-controle-e-capotar-na-rodovia-comandante-joao-ribeiro-de-barros-em-junqueiropolis","status":"publish","type":"post","link":"https:\/\/jorgezanoni.com.br\/2019\/homem-morre-apos-carro-perder-o-controle-e-capotar-na-rodovia-comandante-joao-ribeiro-de-barros-em-junqueiropolis\/","title":{"rendered":"Homem morre ap\u00f3s carro perder o controle e capotar na Rodovia Comandante Jo\u00e3o Ribeiro de Barros, em Junqueir\u00f3polis"},"content":{"rendered":"<h2 class=\"content-head__subtitle\" style=\"text-align: justify;\"><strong>No ve\u00edculo ainda estava o filho do condutor, um menino de 7 anos, que sofreu ferimentos leves.<\/strong><\/h2>\n<div id=\"chunk-2blo8\" style=\"text-align: justify;\">\n<div class=\"mc-column content-text active-extra-styles \" data-block-type=\"unstyled\" data-block-weight=\"35\" data-block-id=\"3\">\n<p class=\"content-text__container \" data-track-category=\"Link no Texto\" data-track-links=\"\">Um homem, de 48 anos, morreu, na noite desta sexta-feira (5), ap\u00f3s o carro que conduzia perder o controle e capotar no km 637,500 da Rodovia Comandante Jo\u00e3o Ribeiro de Barros (SP-294), em\u00a0<a class=\"\" href=\"https:\/\/g1.globo.com\/sp\/presidente-prudente-regiao\/cidade\/junqueiropolis\/\">Junqueir\u00f3polis (SP)<\/a>.<\/p>\n<\/div>\n<\/div>\n<div class=\"wall protected-content\">\n<div id=\"chunk-73h4n\" style=\"text-align: justify;\">\n<div class=\"mc-column content-text active-extra-styles \" data-block-type=\"unstyled\" data-block-weight=\"20\" data-block-id=\"4\">\n<p class=\"content-text__container \" data-track-category=\"Link no Texto\" data-track-links=\"\">De acordo com a Pol\u00edcia Rodovi\u00e1ria, os agentes foram acionados para o atendimento de um acidente de tr\u00e2nsito com v\u00edtimas.<\/p>\n<\/div>\n<\/div>\n<div id=\"chunk-bl4gn\" style=\"text-align: justify;\">\n<div class=\"mc-column content-text active-extra-styles \" data-block-type=\"unstyled\" data-block-weight=\"28\" data-block-id=\"5\">\n<p class=\"content-text__container \" data-track-category=\"Link no Texto\" data-track-links=\"\">No local, constataram que o carro transitava no sentido Dracena-Irapuru e que, por motivos n\u00e3o esclarecidos, o condutor perdeu o controle do ve\u00edculo e capotou al\u00e9m do acostamento.<\/p>\n<\/div>\n<\/div>\n<div id=\"chunk-is09\" style=\"text-align: justify;\">\n<div class=\"mc-column content-text active-extra-styles \" data-block-type=\"unstyled\" data-block-weight=\"13\" data-block-id=\"6\">\n<p class=\"content-text__container \" data-track-category=\"Link no Texto\" data-track-links=\"\">No autom\u00f3vel tamb\u00e9m estava o filho do motorista, um menino de 7 anos.<\/p>\n<\/div>\n<\/div>\n<div id=\"chunk-59nsb\" style=\"text-align: justify;\">\n<div class=\"mc-column content-text active-extra-styles \" data-block-type=\"unstyled\" data-block-weight=\"24\" data-block-id=\"7\">\n<p class=\"content-text__container \" data-track-category=\"Link no Texto\" data-track-links=\"\">As v\u00edtimas foram socorridas ao Pronto-Socorro de Junqueir\u00f3polis. A crian\u00e7a sofreu ferimentos leves. J\u00e1 o homem n\u00e3o resistiu aos ferimentos e morreu no hospital.<\/p>\n<\/div>\n<\/div>\n<div id=\"chunk-2hhp0\">\n<div class=\"tag-manager-publicidade-container mc-has-reveal mc-has-ad-lazyload tag-manager-publicidade-banner_materia2 tag-manager-publicidade-container--carregado tag-manager-publicidade-container--visivel\" style=\"text-align: justify;\" data-id=\"banner_materia2\" data-google-query-id=\"CJTriIv44P4CFUSylQIdDQ8LNA\">Ainda conforme os policiais, n\u00e3o foi poss\u00edvel realizar o teste do baf\u00f4metro, devido ao \u00f3bito do motorista, e a Pol\u00edcia Cient\u00edfica foi acionada para realizar per\u00edcia no loca<\/div>\n<div data-id=\"banner_materia2\" data-google-query-id=\"CJTriIv44P4CFUSylQIdDQ8LNA\"><\/div>\n<\/div>\n<div data-id=\"banner_materia2\" data-google-query-id=\"CJTriIv44P4CFUSylQIdDQ8LNA\">Fonte: PMR e G1<\/div>\n<\/div>\n","protected":false},"excerpt":{"rendered":"<p>No ve\u00edculo ainda estava o filho do condutor, um menino de 7 anos, que sofreu ferimentos leves. Um homem, de 48 anos, morreu, na noite desta sexta-feira (5), ap\u00f3s o carro que conduzia perder o controle e capotar no km 637,500 da Rodovia Comandante Jo\u00e3o Ribeiro de Barros (SP-294), em\u00a0Junqueir\u00f3polis (SP). De acordo com a [&hellip;]<\/p>\n","protected":false},"author":1,"featured_media":75797,"comment_status":"closed","ping_status":"open","sticky":false,"template":"","format":"standard","meta":{"footnotes":""},"categories":[170,110],"tags":[],"class_list":["post-75796","post","type-post","status-publish","format-standard","has-post-thumbnail","hentry","category-acidentes","category-noticiasdestaque"],"_links":{"self":[{"href":"https:\/\/jorgezanoni.com.br\/2019\/wp-json\/wp\/v2\/posts\/75796","targetHints":{"allow":["GET"]}}],"collection":[{"href":"https:\/\/jorgezanoni.com.br\/2019\/wp-json\/wp\/v2\/posts"}],"about":[{"href":"https:\/\/jorgezanoni.com.br\/2019\/wp-json\/wp\/v2\/types\/post"}],"author":[{"embeddable":true,"href":"https:\/\/jorgezanoni.com.br\/2019\/wp-json\/wp\/v2\/users\/1"}],"replies":[{"embeddable":true,"href":"https:\/\/jorgezanoni.com.br\/2019\/wp-json\/wp\/v2\/comments?post=75796"}],"version-history":[{"count":1,"href":"https:\/\/jorgezanoni.com.br\/2019\/wp-json\/wp\/v2\/posts\/75796\/revisions"}],"predecessor-version":[{"id":75798,"href":"https:\/\/jorgezanoni.com.br\/2019\/wp-json\/wp\/v2\/posts\/75796\/revisions\/75798"}],"wp:featuredmedia":[{"embeddable":true,"href":"https:\/\/jorgezanoni.com.br\/2019\/wp-json\/wp\/v2\/media\/75797"}],"wp:attachment":[{"href":"https:\/\/jorgezanoni.com.br\/2019\/wp-json\/wp\/v2\/media?parent=75796"}],"wp:term":[{"taxonomy":"category","embeddable":true,"href":"https:\/\/jorgezanoni.com.br\/2019\/wp-json\/wp\/v2\/categories?post=75796"},{"taxonomy":"post_tag","embeddable":true,"href":"https:\/\/jorgezanoni.com.br\/2019\/wp-json\/wp\/v2\/tags?post=75796"}],"curies":[{"name":"wp","href":"https:\/\/api.w.org\/{rel}","templated":true}]}}