{"id":75763,"date":"2023-05-05T15:19:26","date_gmt":"2023-05-05T15:19:26","guid":{"rendered":"https:\/\/jorgezanoni.com.br\/2019\/?p=75763"},"modified":"2023-05-05T21:20:54","modified_gmt":"2023-05-05T21:20:54","slug":"morre-o-senhor-guido-baggio-pai-do-vice-prefeito-de-dracena","status":"publish","type":"post","link":"https:\/\/jorgezanoni.com.br\/2019\/morre-o-senhor-guido-baggio-pai-do-vice-prefeito-de-dracena\/","title":{"rendered":"Morre o senhor Guido Baggio, pai do vice-prefeito de Dracena"},"content":{"rendered":"<p style=\"text-align: justify;\">Comunicamos com pesar o falecimento nesta sexta-feira, em S\u00e3o Paulo, do senhor Guido Baggio, de 87 anos, pai do vice-prefeito e presidente da EMDAEP, Guido Francisco Baggio.<\/p>\n<p style=\"text-align: justify;\">O senhor Guido era vi\u00favo da dona Maria do Ros\u00e1rio, que faleceu em maio de 2018. Deixa filhos, noras, netos e bisnetos.<\/p>\n<p style=\"text-align: justify;\">Baggio era vicentino e ministro da Comunh\u00e3o na Par\u00f3quia Santa Isabel Rainha, na Capital, que emitiu nota de pesar pelo seu falecimento.<\/p>\n<p style=\"text-align: justify;\">O vel\u00f3rio est\u00e1 previsto para este s\u00e1bado no Cemit\u00e9rio do Carmo II, entre 7 e 17 horas, com sepultamento em seguida. O endere\u00e7o \u00e9 Rua Professor Hasegawa n\u00ba 776, em Itaquera.<\/p>\n<p style=\"text-align: justify;\">Diretoria e funcion\u00e1rios da EMDAEP manifestam apoio e solidariedade a Guido Francisco Baggio e familiares pelo falecimento do seu pai.<\/p>\n<p style=\"text-align: justify;\">O SITE JZ e TOP TV se solidarizam com o amigo Guido Francisco Baggio e familiares, neste dif\u00edcil momento.<\/p>\n<p>Jorge Zanoni<\/p>\n<p>Colaborou Cl\u00e1udio Jos\u00e9<\/p>\n<p>&nbsp;<\/p>\n","protected":false},"excerpt":{"rendered":"<p>Comunicamos com pesar o falecimento nesta sexta-feira, em S\u00e3o Paulo, do senhor Guido Baggio, de 87 anos, pai do vice-prefeito e presidente da EMDAEP, Guido Francisco Baggio. O senhor Guido era vi\u00favo da dona Maria do Ros\u00e1rio, que faleceu em maio de 2018. Deixa filhos, noras, netos e bisnetos. Baggio era vicentino e ministro da [&hellip;]<\/p>\n","protected":false},"author":1,"featured_media":75764,"comment_status":"closed","ping_status":"open","sticky":false,"template":"","format":"standard","meta":{"footnotes":""},"categories":[178,110],"tags":[],"class_list":["post-75763","post","type-post","status-publish","format-standard","has-post-thumbnail","hentry","category-notadefalecimento","category-noticiasdestaque"],"_links":{"self":[{"href":"https:\/\/jorgezanoni.com.br\/2019\/wp-json\/wp\/v2\/posts\/75763","targetHints":{"allow":["GET"]}}],"collection":[{"href":"https:\/\/jorgezanoni.com.br\/2019\/wp-json\/wp\/v2\/posts"}],"about":[{"href":"https:\/\/jorgezanoni.com.br\/2019\/wp-json\/wp\/v2\/types\/post"}],"author":[{"embeddable":true,"href":"https:\/\/jorgezanoni.com.br\/2019\/wp-json\/wp\/v2\/users\/1"}],"replies":[{"embeddable":true,"href":"https:\/\/jorgezanoni.com.br\/2019\/wp-json\/wp\/v2\/comments?post=75763"}],"version-history":[{"count":3,"href":"https:\/\/jorgezanoni.com.br\/2019\/wp-json\/wp\/v2\/posts\/75763\/revisions"}],"predecessor-version":[{"id":75771,"href":"https:\/\/jorgezanoni.com.br\/2019\/wp-json\/wp\/v2\/posts\/75763\/revisions\/75771"}],"wp:featuredmedia":[{"embeddable":true,"href":"https:\/\/jorgezanoni.com.br\/2019\/wp-json\/wp\/v2\/media\/75764"}],"wp:attachment":[{"href":"https:\/\/jorgezanoni.com.br\/2019\/wp-json\/wp\/v2\/media?parent=75763"}],"wp:term":[{"taxonomy":"category","embeddable":true,"href":"https:\/\/jorgezanoni.com.br\/2019\/wp-json\/wp\/v2\/categories?post=75763"},{"taxonomy":"post_tag","embeddable":true,"href":"https:\/\/jorgezanoni.com.br\/2019\/wp-json\/wp\/v2\/tags?post=75763"}],"curies":[{"name":"wp","href":"https:\/\/api.w.org\/{rel}","templated":true}]}}