{"id":75760,"date":"2023-05-05T12:59:09","date_gmt":"2023-05-05T12:59:09","guid":{"rendered":"https:\/\/jorgezanoni.com.br\/2019\/?p=75760"},"modified":"2023-05-05T12:59:09","modified_gmt":"2023-05-05T12:59:09","slug":"policia-militar-prende-homem-por-furto-e-localiza-recptador-devolvendo-objeto-as-vitimas-em-panorama","status":"publish","type":"post","link":"https:\/\/jorgezanoni.com.br\/2019\/policia-militar-prende-homem-por-furto-e-localiza-recptador-devolvendo-objeto-as-vitimas-em-panorama\/","title":{"rendered":"Pol\u00edcia Militar prende homem por furto e localiza recptador devolvendo objeto \u00e0s v\u00edtimas em Panorama"},"content":{"rendered":"<p style=\"text-align: justify;\">Na data de hoje (4) por volta das 16h40min a equipe da Pol\u00edcia Militar em Panorama estava estacionada pelo centro da cidade quando foi solicitada por um casal de idosos informando que tiveram o celular subtra\u00eddo por um indiv\u00edduo que disse que queria alugar a casa que estava anunciada, que em dado momento de distra\u00e7\u00e3o este indiv\u00edduo (homem 41 anos) teria furtado um aparelho celular que estava sobre um balc\u00e3o na cozinha.<br \/>\nDiante das caracter\u00edsticas e informa\u00e7\u00f5es que foram repassadas via rede r\u00e1dio as equipes sa\u00edram em patrulhamento na tentativa de lograr na solu\u00e7\u00e3o do furto.<br \/>\nOs dois indiv\u00edduos foram localizados na pra\u00e7a do Bairro Bela Vista, sendo que um desses indiv\u00edduos trajava a bermuda em conformidade com os relatos do casal de idosos.<br \/>\nDurante abordagem foi verificado que se tratava do autor e receptador, sendo que o autor confessou a pr\u00e1tica do furto e venda para o rapaz que encontrou na pra\u00e7a.<br \/>\nO indiv\u00edduo que comprou, indicou o local onde estava o aparelho e sendo assim, dado voz de pris\u00e3o, permanecendo o autor do furto preso.<\/p>\n<p>Fonte: Com. Social Pol\u00edcia Militar<\/p>\n<p>Imagem Ilustrativa<\/p>\n","protected":false},"excerpt":{"rendered":"<p>Na data de hoje (4) por volta das 16h40min a equipe da Pol\u00edcia Militar em Panorama estava estacionada pelo centro da cidade quando foi solicitada por um casal de idosos informando que tiveram o celular subtra\u00eddo por um indiv\u00edduo que disse que queria alugar a casa que estava anunciada, que em dado momento de distra\u00e7\u00e3o [&hellip;]<\/p>\n","protected":false},"author":1,"featured_media":75761,"comment_status":"closed","ping_status":"open","sticky":false,"template":"","format":"standard","meta":{"footnotes":""},"categories":[110,2],"tags":[],"class_list":["post-75760","post","type-post","status-publish","format-standard","has-post-thumbnail","hentry","category-noticiasdestaque","category-policial"],"_links":{"self":[{"href":"https:\/\/jorgezanoni.com.br\/2019\/wp-json\/wp\/v2\/posts\/75760","targetHints":{"allow":["GET"]}}],"collection":[{"href":"https:\/\/jorgezanoni.com.br\/2019\/wp-json\/wp\/v2\/posts"}],"about":[{"href":"https:\/\/jorgezanoni.com.br\/2019\/wp-json\/wp\/v2\/types\/post"}],"author":[{"embeddable":true,"href":"https:\/\/jorgezanoni.com.br\/2019\/wp-json\/wp\/v2\/users\/1"}],"replies":[{"embeddable":true,"href":"https:\/\/jorgezanoni.com.br\/2019\/wp-json\/wp\/v2\/comments?post=75760"}],"version-history":[{"count":1,"href":"https:\/\/jorgezanoni.com.br\/2019\/wp-json\/wp\/v2\/posts\/75760\/revisions"}],"predecessor-version":[{"id":75762,"href":"https:\/\/jorgezanoni.com.br\/2019\/wp-json\/wp\/v2\/posts\/75760\/revisions\/75762"}],"wp:featuredmedia":[{"embeddable":true,"href":"https:\/\/jorgezanoni.com.br\/2019\/wp-json\/wp\/v2\/media\/75761"}],"wp:attachment":[{"href":"https:\/\/jorgezanoni.com.br\/2019\/wp-json\/wp\/v2\/media?parent=75760"}],"wp:term":[{"taxonomy":"category","embeddable":true,"href":"https:\/\/jorgezanoni.com.br\/2019\/wp-json\/wp\/v2\/categories?post=75760"},{"taxonomy":"post_tag","embeddable":true,"href":"https:\/\/jorgezanoni.com.br\/2019\/wp-json\/wp\/v2\/tags?post=75760"}],"curies":[{"name":"wp","href":"https:\/\/api.w.org\/{rel}","templated":true}]}}