{"id":75740,"date":"2023-05-04T22:21:02","date_gmt":"2023-05-04T22:21:02","guid":{"rendered":"https:\/\/jorgezanoni.com.br\/2019\/?p=75740"},"modified":"2023-05-04T22:21:02","modified_gmt":"2023-05-04T22:21:02","slug":"policia-civil-busca-despertar-vocacao-profissional-em-palestra-para-alunos-de-escola-estadual-em-dracena","status":"publish","type":"post","link":"https:\/\/jorgezanoni.com.br\/2019\/policia-civil-busca-despertar-vocacao-profissional-em-palestra-para-alunos-de-escola-estadual-em-dracena\/","title":{"rendered":"Pol\u00edcia Civil busca despertar voca\u00e7\u00e3o profissional em palestra para alunos de Escola Estadual em Dracena"},"content":{"rendered":"<p style=\"text-align: justify;\">A Pol\u00edcia Civil, por interm\u00e9dio da Delegacia Seccional de Pol\u00edcia de Dracena, promoveu nesta quinta-feira (4), palestra para 45 alunos do ensino fundamental, da Escola Estadual Alfredo Machado, em Dracena (SP). O tema debatido foi a voca\u00e7\u00e3o a carreira policial, e a tem\u00e1tica fez parte do projeto de aula eletiva com tutoria dos professores Nedson, Evandro, \u00c9der e Maria Luiza.<\/p>\n<p style=\"text-align: justify;\">O agente policial Reginaldo Rosa, utilizou material com recurso audiovisual para interagir com os estudantes, e explicou sobre a forma de ingressar na institui\u00e7\u00e3o policial, especificamente, nos diferentes cargos que a Pol\u00edcia Civil possui. Ressaltou tamb\u00e9m, que a op\u00e7\u00e3o pela carreira policial, em sua maioria, envolve ter voca\u00e7\u00e3o para atuar em prol da seguran\u00e7a p\u00fablica do Estado e servir a sociedade.<\/p>\n<p style=\"text-align: justify;\">Ainda no contexto do tema, o palestrante explicou sobre a \u00e1rea investigativa, que \u00e9 o foco na atividade de pol\u00edcia judiciaria, e fundamental na busca de ind\u00edcios de provas que auxiliem na solu\u00e7\u00e3o de um crime. O agente ressaltou tamb\u00e9m que a orienta\u00e7\u00e3o vocacional \u00e9 importante para que os alunos fa\u00e7am a escolha da futura profiss\u00e3o.<\/p>\n<p>Ao final, os alunos puderam fazer perguntas e outros questionamentos sobre tema debatido. A dire\u00e7\u00e3o da escola, agradeceu ao agente da Policia Civil do Estado de S\u00e3o Paulo pela disponibilidade do encontro realizado, que muito contribui no aprimoramento educacional e na futura escolha profissional de cada aluno.<\/p>\n<p><img loading=\"lazy\" decoding=\"async\" class=\"alignnone size-full wp-image-75742\" src=\"https:\/\/jorgezanoni.com.br\/2019\/wp-content\/uploads\/2023\/05\/z-se1-Pequeno.jpg\" alt=\"\" width=\"852\" height=\"480\" srcset=\"https:\/\/jorgezanoni.com.br\/2019\/wp-content\/uploads\/2023\/05\/z-se1-Pequeno.jpg 852w, https:\/\/jorgezanoni.com.br\/2019\/wp-content\/uploads\/2023\/05\/z-se1-Pequeno-300x169.jpg 300w, https:\/\/jorgezanoni.com.br\/2019\/wp-content\/uploads\/2023\/05\/z-se1-Pequeno-768x433.jpg 768w, https:\/\/jorgezanoni.com.br\/2019\/wp-content\/uploads\/2023\/05\/z-se1-Pequeno-696x392.jpg 696w, https:\/\/jorgezanoni.com.br\/2019\/wp-content\/uploads\/2023\/05\/z-se1-Pequeno-746x420.jpg 746w\" sizes=\"auto, (max-width: 852px) 100vw, 852px\" \/> <img loading=\"lazy\" decoding=\"async\" class=\"alignnone size-full wp-image-75743\" src=\"https:\/\/jorgezanoni.com.br\/2019\/wp-content\/uploads\/2023\/05\/z-se2-Pequeno.jpg\" alt=\"\" width=\"852\" height=\"480\" srcset=\"https:\/\/jorgezanoni.com.br\/2019\/wp-content\/uploads\/2023\/05\/z-se2-Pequeno.jpg 852w, https:\/\/jorgezanoni.com.br\/2019\/wp-content\/uploads\/2023\/05\/z-se2-Pequeno-300x169.jpg 300w, https:\/\/jorgezanoni.com.br\/2019\/wp-content\/uploads\/2023\/05\/z-se2-Pequeno-768x433.jpg 768w, https:\/\/jorgezanoni.com.br\/2019\/wp-content\/uploads\/2023\/05\/z-se2-Pequeno-696x392.jpg 696w, https:\/\/jorgezanoni.com.br\/2019\/wp-content\/uploads\/2023\/05\/z-se2-Pequeno-746x420.jpg 746w\" sizes=\"auto, (max-width: 852px) 100vw, 852px\" \/> <img loading=\"lazy\" decoding=\"async\" class=\"alignnone size-full wp-image-75744\" src=\"https:\/\/jorgezanoni.com.br\/2019\/wp-content\/uploads\/2023\/05\/z-s-3-Pequeno.jpg\" alt=\"\" width=\"552\" height=\"480\" srcset=\"https:\/\/jorgezanoni.com.br\/2019\/wp-content\/uploads\/2023\/05\/z-s-3-Pequeno.jpg 552w, https:\/\/jorgezanoni.com.br\/2019\/wp-content\/uploads\/2023\/05\/z-s-3-Pequeno-300x261.jpg 300w, https:\/\/jorgezanoni.com.br\/2019\/wp-content\/uploads\/2023\/05\/z-s-3-Pequeno-483x420.jpg 483w\" sizes=\"auto, (max-width: 552px) 100vw, 552px\" \/><\/p>\n<p style=\"text-align: justify;\">Fonte: Com. Social Pol\u00edcia Civil<\/p>\n","protected":false},"excerpt":{"rendered":"<p>A Pol\u00edcia Civil, por interm\u00e9dio da Delegacia Seccional de Pol\u00edcia de Dracena, promoveu nesta quinta-feira (4), palestra para 45 alunos do ensino fundamental, da Escola Estadual Alfredo Machado, em Dracena (SP). O tema debatido foi a voca\u00e7\u00e3o a carreira policial, e a tem\u00e1tica fez parte do projeto de aula eletiva com tutoria dos professores Nedson, [&hellip;]<\/p>\n","protected":false},"author":1,"featured_media":75741,"comment_status":"closed","ping_status":"open","sticky":false,"template":"","format":"standard","meta":{"footnotes":""},"categories":[110,2],"tags":[],"class_list":["post-75740","post","type-post","status-publish","format-standard","has-post-thumbnail","hentry","category-noticiasdestaque","category-policial"],"_links":{"self":[{"href":"https:\/\/jorgezanoni.com.br\/2019\/wp-json\/wp\/v2\/posts\/75740","targetHints":{"allow":["GET"]}}],"collection":[{"href":"https:\/\/jorgezanoni.com.br\/2019\/wp-json\/wp\/v2\/posts"}],"about":[{"href":"https:\/\/jorgezanoni.com.br\/2019\/wp-json\/wp\/v2\/types\/post"}],"author":[{"embeddable":true,"href":"https:\/\/jorgezanoni.com.br\/2019\/wp-json\/wp\/v2\/users\/1"}],"replies":[{"embeddable":true,"href":"https:\/\/jorgezanoni.com.br\/2019\/wp-json\/wp\/v2\/comments?post=75740"}],"version-history":[{"count":1,"href":"https:\/\/jorgezanoni.com.br\/2019\/wp-json\/wp\/v2\/posts\/75740\/revisions"}],"predecessor-version":[{"id":75745,"href":"https:\/\/jorgezanoni.com.br\/2019\/wp-json\/wp\/v2\/posts\/75740\/revisions\/75745"}],"wp:featuredmedia":[{"embeddable":true,"href":"https:\/\/jorgezanoni.com.br\/2019\/wp-json\/wp\/v2\/media\/75741"}],"wp:attachment":[{"href":"https:\/\/jorgezanoni.com.br\/2019\/wp-json\/wp\/v2\/media?parent=75740"}],"wp:term":[{"taxonomy":"category","embeddable":true,"href":"https:\/\/jorgezanoni.com.br\/2019\/wp-json\/wp\/v2\/categories?post=75740"},{"taxonomy":"post_tag","embeddable":true,"href":"https:\/\/jorgezanoni.com.br\/2019\/wp-json\/wp\/v2\/tags?post=75740"}],"curies":[{"name":"wp","href":"https:\/\/api.w.org\/{rel}","templated":true}]}}