{"id":75721,"date":"2023-05-03T21:39:38","date_gmt":"2023-05-03T21:39:38","guid":{"rendered":"https:\/\/jorgezanoni.com.br\/2019\/?p=75721"},"modified":"2023-05-03T21:39:38","modified_gmt":"2023-05-03T21:39:38","slug":"policia-civil-prende-homem-investigado-por-estupro","status":"publish","type":"post","link":"https:\/\/jorgezanoni.com.br\/2019\/policia-civil-prende-homem-investigado-por-estupro\/","title":{"rendered":"Pol\u00edcia Civil prende homem investigado por estupro"},"content":{"rendered":"<p style=\"text-align: justify;\">A Pol\u00edcia Civil, por interm\u00e9dio da Delegacia de Pol\u00edcia de Panorama, com apoio operacional de agentes da Delegacia de Pol\u00edcia de Paulic\u00e9ia, prendeu nesta quarta-feira (3), um homem de 41 anos, em Panorama (SP). O suspeito \u00e9 investigado por crime de estupro de vulner\u00e1vel contra familiar, uma adolescente que n\u00e3o teve a idade divulgada, e ele foi preso, mediante cumprimento de mandado de pris\u00e3o preventiva, expedido pela 2\u00aa Vara Criminal da Comarca de Panorama.<\/p>\n<p style=\"text-align: justify;\">As investiga\u00e7\u00f5es tiveram in\u00edcio ap\u00f3s o registro do boletim de ocorr\u00eancia (27\/04\/23), o qual narrava que uma adolescente teria sofrido o abuso sexual. Com o prosseguimento das investiga\u00e7\u00f5es, foi poss\u00edvel coletar ind\u00edcios de autoria e materialidade, propiciando a representa\u00e7\u00e3o da Pol\u00edcia Civil ao Poder Judici\u00e1rio, pelo pedido de pris\u00e3o preventiva do suspeito, sendo concedida a ordem de pris\u00e3o. O homem foi localizado e preso e n\u00e3o ofereceu resist\u00eancia a ordem de pris\u00e3o.<\/p>\n<p style=\"text-align: justify;\">O suspeito foi conduzido a Delegacia de Pol\u00edcia de Panorama para a realiza\u00e7\u00e3o dos procedimentos de pol\u00edcia judiciaria cab\u00edveis. O homem passar\u00e1 pela audi\u00eancia de cust\u00f3dia, e posteriormente ser\u00e1 encaminhando ao sistema prisional, onde permanecer\u00e1 \u00e0 disposi\u00e7\u00e3o da Justi\u00e7a.<\/p>\n<p style=\"text-align: justify;\">Fonte: Com. Social Pol\u00edcia Civil<\/p>\n","protected":false},"excerpt":{"rendered":"<p>A Pol\u00edcia Civil, por interm\u00e9dio da Delegacia de Pol\u00edcia de Panorama, com apoio operacional de agentes da Delegacia de Pol\u00edcia de Paulic\u00e9ia, prendeu nesta quarta-feira (3), um homem de 41 anos, em Panorama (SP). O suspeito \u00e9 investigado por crime de estupro de vulner\u00e1vel contra familiar, uma adolescente que n\u00e3o teve a idade divulgada, e [&hellip;]<\/p>\n","protected":false},"author":1,"featured_media":75722,"comment_status":"closed","ping_status":"open","sticky":false,"template":"","format":"standard","meta":{"footnotes":""},"categories":[110,2],"tags":[],"class_list":["post-75721","post","type-post","status-publish","format-standard","has-post-thumbnail","hentry","category-noticiasdestaque","category-policial"],"_links":{"self":[{"href":"https:\/\/jorgezanoni.com.br\/2019\/wp-json\/wp\/v2\/posts\/75721","targetHints":{"allow":["GET"]}}],"collection":[{"href":"https:\/\/jorgezanoni.com.br\/2019\/wp-json\/wp\/v2\/posts"}],"about":[{"href":"https:\/\/jorgezanoni.com.br\/2019\/wp-json\/wp\/v2\/types\/post"}],"author":[{"embeddable":true,"href":"https:\/\/jorgezanoni.com.br\/2019\/wp-json\/wp\/v2\/users\/1"}],"replies":[{"embeddable":true,"href":"https:\/\/jorgezanoni.com.br\/2019\/wp-json\/wp\/v2\/comments?post=75721"}],"version-history":[{"count":1,"href":"https:\/\/jorgezanoni.com.br\/2019\/wp-json\/wp\/v2\/posts\/75721\/revisions"}],"predecessor-version":[{"id":75723,"href":"https:\/\/jorgezanoni.com.br\/2019\/wp-json\/wp\/v2\/posts\/75721\/revisions\/75723"}],"wp:featuredmedia":[{"embeddable":true,"href":"https:\/\/jorgezanoni.com.br\/2019\/wp-json\/wp\/v2\/media\/75722"}],"wp:attachment":[{"href":"https:\/\/jorgezanoni.com.br\/2019\/wp-json\/wp\/v2\/media?parent=75721"}],"wp:term":[{"taxonomy":"category","embeddable":true,"href":"https:\/\/jorgezanoni.com.br\/2019\/wp-json\/wp\/v2\/categories?post=75721"},{"taxonomy":"post_tag","embeddable":true,"href":"https:\/\/jorgezanoni.com.br\/2019\/wp-json\/wp\/v2\/tags?post=75721"}],"curies":[{"name":"wp","href":"https:\/\/api.w.org\/{rel}","templated":true}]}}