{"id":75714,"date":"2023-05-03T18:57:47","date_gmt":"2023-05-03T18:57:47","guid":{"rendered":"https:\/\/jorgezanoni.com.br\/2019\/?p=75714"},"modified":"2023-05-03T18:58:30","modified_gmt":"2023-05-03T18:58:30","slug":"policia-civil-realiza-palestra-sobre-prevencao-as-drogas-para-alunos-do-9o-amo-de-escola-estadual-de-dracena","status":"publish","type":"post","link":"https:\/\/jorgezanoni.com.br\/2019\/policia-civil-realiza-palestra-sobre-prevencao-as-drogas-para-alunos-do-9o-amo-de-escola-estadual-de-dracena\/","title":{"rendered":"Pol\u00edcia Civil realiza palestra sobre preven\u00e7\u00e3o as Drogas para alunos do 9\u00ba ano de Escola Estadual de Dracena"},"content":{"rendered":"<p style=\"text-align: justify;\">A Pol\u00edcia Civil, por interm\u00e9dio da Delegacia Seccional de Pol\u00edcia de Dracena, realizou nesta ter\u00e7a-feira (2), palestra na Escola Estadual Prof\u00aa Julieta Guedes Mendon\u00e7a, em Dracena (SP). A palestra foi ministrada pelo agente policial Reginaldo Rosa, aconteceu a convite da dire\u00e7\u00e3o da unidade de ensino estadual.<\/p>\n<p style=\"text-align: justify;\">O p\u00fablico foi formado por estudantes de duas turmas, do 9\u00ba ano do ensino fundamental, com idades de 14 a 15 anos. Os discentes assistiram \u00e0 apresenta\u00e7\u00e3o, por meio de conte\u00fado audiovisual, onde foi exposto o conceito sobre os tipos de drogas, a a\u00e7\u00e3o no sistema nervoso central, e as consequ\u00eancias do uso precoce e cr\u00f4nicos das drogas causadoras da depend\u00eancia qu\u00edmicas.<\/p>\n<p style=\"text-align: justify;\">Ao todo, cerca de 90 estudantes prestigiaram a palestra. Para a Pol\u00edcia Civil a realiza\u00e7\u00e3o desta a\u00e7\u00e3o preventiva \u00e9 de suma import\u00e2ncia para conscientizar os adolescentes sobre o perigo da drogati\u00e7\u00e3o, bem como tamb\u00e9m serve para a aproxima\u00e7\u00e3o entre escola e a institui\u00e7\u00e3o policial. A diretora da Escola Estadual Prof\u00aa Julieta Guedes Mendon\u00e7a, Milene Ferracini Ramos, agradeceu e parabenizou ao representante da Pol\u00edcia Civil do Estado de S\u00e3o Paulo pelo excelente trabalho realizado.<\/p>\n<p><img loading=\"lazy\" decoding=\"async\" class=\"alignnone size-full wp-image-75715\" src=\"https:\/\/jorgezanoni.com.br\/2019\/wp-content\/uploads\/2023\/05\/civil.jpg\" alt=\"\" width=\"1200\" height=\"1600\" srcset=\"https:\/\/jorgezanoni.com.br\/2019\/wp-content\/uploads\/2023\/05\/civil.jpg 1200w, https:\/\/jorgezanoni.com.br\/2019\/wp-content\/uploads\/2023\/05\/civil-225x300.jpg 225w, https:\/\/jorgezanoni.com.br\/2019\/wp-content\/uploads\/2023\/05\/civil-768x1024.jpg 768w, https:\/\/jorgezanoni.com.br\/2019\/wp-content\/uploads\/2023\/05\/civil-1152x1536.jpg 1152w, https:\/\/jorgezanoni.com.br\/2019\/wp-content\/uploads\/2023\/05\/civil-696x928.jpg 696w, https:\/\/jorgezanoni.com.br\/2019\/wp-content\/uploads\/2023\/05\/civil-1068x1424.jpg 1068w, https:\/\/jorgezanoni.com.br\/2019\/wp-content\/uploads\/2023\/05\/civil-315x420.jpg 315w\" sizes=\"auto, (max-width: 1200px) 100vw, 1200px\" \/> <img loading=\"lazy\" decoding=\"async\" class=\"alignnone size-full wp-image-75716\" src=\"https:\/\/jorgezanoni.com.br\/2019\/wp-content\/uploads\/2023\/05\/civil1.jpg\" alt=\"\" width=\"1502\" height=\"1266\" srcset=\"https:\/\/jorgezanoni.com.br\/2019\/wp-content\/uploads\/2023\/05\/civil1.jpg 1502w, https:\/\/jorgezanoni.com.br\/2019\/wp-content\/uploads\/2023\/05\/civil1-300x253.jpg 300w, https:\/\/jorgezanoni.com.br\/2019\/wp-content\/uploads\/2023\/05\/civil1-1024x863.jpg 1024w, https:\/\/jorgezanoni.com.br\/2019\/wp-content\/uploads\/2023\/05\/civil1-768x647.jpg 768w, https:\/\/jorgezanoni.com.br\/2019\/wp-content\/uploads\/2023\/05\/civil1-696x587.jpg 696w, https:\/\/jorgezanoni.com.br\/2019\/wp-content\/uploads\/2023\/05\/civil1-1068x900.jpg 1068w, https:\/\/jorgezanoni.com.br\/2019\/wp-content\/uploads\/2023\/05\/civil1-498x420.jpg 498w\" sizes=\"auto, (max-width: 1502px) 100vw, 1502px\" \/> <img loading=\"lazy\" decoding=\"async\" class=\"alignnone size-full wp-image-75717\" src=\"https:\/\/jorgezanoni.com.br\/2019\/wp-content\/uploads\/2023\/05\/civil2.jpg\" alt=\"\" width=\"700\" height=\"690\" srcset=\"https:\/\/jorgezanoni.com.br\/2019\/wp-content\/uploads\/2023\/05\/civil2.jpg 700w, https:\/\/jorgezanoni.com.br\/2019\/wp-content\/uploads\/2023\/05\/civil2-300x296.jpg 300w, https:\/\/jorgezanoni.com.br\/2019\/wp-content\/uploads\/2023\/05\/civil2-696x686.jpg 696w, https:\/\/jorgezanoni.com.br\/2019\/wp-content\/uploads\/2023\/05\/civil2-426x420.jpg 426w\" sizes=\"auto, (max-width: 700px) 100vw, 700px\" \/><\/p>\n<p>Fonte: Com. Social Pol\u00edcia Civil<\/p>\n","protected":false},"excerpt":{"rendered":"<p>A Pol\u00edcia Civil, por interm\u00e9dio da Delegacia Seccional de Pol\u00edcia de Dracena, realizou nesta ter\u00e7a-feira (2), palestra na Escola Estadual Prof\u00aa Julieta Guedes Mendon\u00e7a, em Dracena (SP). A palestra foi ministrada pelo agente policial Reginaldo Rosa, aconteceu a convite da dire\u00e7\u00e3o da unidade de ensino estadual. O p\u00fablico foi formado por estudantes de duas turmas, [&hellip;]<\/p>\n","protected":false},"author":1,"featured_media":75718,"comment_status":"closed","ping_status":"open","sticky":false,"template":"","format":"standard","meta":{"footnotes":""},"categories":[110,2],"tags":[],"class_list":["post-75714","post","type-post","status-publish","format-standard","has-post-thumbnail","hentry","category-noticiasdestaque","category-policial"],"_links":{"self":[{"href":"https:\/\/jorgezanoni.com.br\/2019\/wp-json\/wp\/v2\/posts\/75714","targetHints":{"allow":["GET"]}}],"collection":[{"href":"https:\/\/jorgezanoni.com.br\/2019\/wp-json\/wp\/v2\/posts"}],"about":[{"href":"https:\/\/jorgezanoni.com.br\/2019\/wp-json\/wp\/v2\/types\/post"}],"author":[{"embeddable":true,"href":"https:\/\/jorgezanoni.com.br\/2019\/wp-json\/wp\/v2\/users\/1"}],"replies":[{"embeddable":true,"href":"https:\/\/jorgezanoni.com.br\/2019\/wp-json\/wp\/v2\/comments?post=75714"}],"version-history":[{"count":2,"href":"https:\/\/jorgezanoni.com.br\/2019\/wp-json\/wp\/v2\/posts\/75714\/revisions"}],"predecessor-version":[{"id":75720,"href":"https:\/\/jorgezanoni.com.br\/2019\/wp-json\/wp\/v2\/posts\/75714\/revisions\/75720"}],"wp:featuredmedia":[{"embeddable":true,"href":"https:\/\/jorgezanoni.com.br\/2019\/wp-json\/wp\/v2\/media\/75718"}],"wp:attachment":[{"href":"https:\/\/jorgezanoni.com.br\/2019\/wp-json\/wp\/v2\/media?parent=75714"}],"wp:term":[{"taxonomy":"category","embeddable":true,"href":"https:\/\/jorgezanoni.com.br\/2019\/wp-json\/wp\/v2\/categories?post=75714"},{"taxonomy":"post_tag","embeddable":true,"href":"https:\/\/jorgezanoni.com.br\/2019\/wp-json\/wp\/v2\/tags?post=75714"}],"curies":[{"name":"wp","href":"https:\/\/api.w.org\/{rel}","templated":true}]}}