{"id":75690,"date":"2023-05-02T22:30:58","date_gmt":"2023-05-02T22:30:58","guid":{"rendered":"https:\/\/jorgezanoni.com.br\/2019\/?p=75690"},"modified":"2023-05-02T22:30:58","modified_gmt":"2023-05-02T22:30:58","slug":"midia-digital-e-pos-globalizacao-em-nivel-glocal","status":"publish","type":"post","link":"https:\/\/jorgezanoni.com.br\/2019\/midia-digital-e-pos-globalizacao-em-nivel-glocal\/","title":{"rendered":"M\u00eddia Digital e p\u00f3s-globaliza\u00e7\u00e3o em n\u00edvel &#8220;Glocal&#8221;"},"content":{"rendered":"<p style=\"text-align: justify;\"><strong>M\u00cdDIA DIGITAL E P\u00d3S-GLOBALIZA\u00c7\u00c3O EM N\u00cdVEL \u201cGLOCAL\u201d&#8230;<\/strong><\/p>\n<p style=\"text-align: justify;\"><strong><em>\u201cAcredito que o desenvolvimento pleno da intelig\u00eancia artificial poderia significar o fim da ra\u00e7a humana.\u201d (<a href=\"https:\/\/www.pensador.com\/autor\/stephen_hawking\/\">Stephen Hawking<\/a>)<\/em><\/strong><\/p>\n<p style=\"text-align: justify;\"><strong><em>\u201cA nova onda de intelig\u00eancia artificial n\u00e3o nos traz propriamente a intelig\u00eancia, mas um componente cr\u00edtico dela: a previs\u00e3o.\u201d (<a href=\"https:\/\/www.pensador.com\/autor\/ajay_agrawal\/\">Ajay Agrawal<\/a>)<\/em><\/strong><\/p>\n<p style=\"text-align: justify;\"><strong>S\u00e9rgio Barbosa (*)<\/strong><\/p>\n<p style=\"text-align: justify;\">N\u00e3o se pode deixar de registrar que o PLANETA M\u00cdDIA est\u00e1 em constante transforma\u00e7\u00e3o em todas as \u00e1reas do MERCADO ORGANIZACIONAL, desta forma, faz-se necess\u00e1rio estar CONECTADO com os denominados PROCESOS MIDI\u00c1TICOS neste TEMPO NOVO TEMPO&#8230;<\/p>\n<p style=\"text-align: justify;\">\u00c9 importante saber disto e mais aquilo dos FATOS em meio aos BOATOS ou vice-versa, al\u00e9m do mais em meio ao tudo de menos, TODO CUIDADO \u00c9 POUCO com as famigeradas FAKE NEWS em n\u00edvel GLOCAL, ou seja, do GLOBAL para o LOCAL&#8230;<\/p>\n<p style=\"text-align: justify;\">Tal qual o que ocorre de um lado, bem como, do outro lado, pode ser que seja tudo do mesmo lado e ponto quase final, portanto, cada qual deve buscar a INFORMA\u00c7\u00c3O de acordo com os FATOS REGISTRADOS e\u00a0 confirmados pelas FONTES CONFI\u00c1VEIS&#8230;<\/p>\n<p style=\"text-align: justify;\">O MUNDO \u00c9 UMA ALDEIA GLOBAL, como afirmou o mago da m\u00eddia no passado, ou seja, McLUHAN, assim, de um jeito ou de outro, faz-se necess\u00e1rio estar sem CONEX\u00c3O com a QUALIFICA\u00c7\u00c3O, tendo em vista as NOVAS EXIG\u00caNCIAS na \u00e1rea ORGANIZACIONAL&#8230;<\/p>\n<p style=\"text-align: justify;\">Os meios midi\u00e1ticos que s\u00e3o acessados sem muitos CRIT\u00c9RIOS pelos\/as INTERNAUTAS, ainda, patrocinados e mediados pelas denominadas PLATAFORMAS DIGITAIS, continuam MANIPULANDO tudo e todos\/as em nome do PODER ECON\u00d4MICO\/COMERCIAL&#8230;<\/p>\n<p style=\"text-align: justify;\">Tais atividades MIDI\u00c1TICAS, proporcionam milhares de possibilidades para o atual CEN\u00c1RIO nos quatro cantos do PLANETA M\u00cdDIA, por\u00e9m, sempre existe a REFLEX\u00c3O CR\u00cdTICA para fazer frente ao SENSO COMUM neste TEMPO NOVO TEMPO&#8230;<\/p>\n<p style=\"text-align: justify;\">Assim, torna-se fundamental para TODOS\/AS uma tomada de POSI\u00c7\u00c3O, haja vista o JOGO VICIADO patrocinado pelo PODER das ORGANIZA\u00c7\u00d5ES que desenvolvem atividades na \u00e1rea da M\u00cdDIA DIGITAL&#8230;<\/p>\n<p style=\"text-align: justify;\">Afirmou o pensador do outro tempo que NAVEGAR \u00c9 PRECISO, todavia, apenas quem est\u00e1 neste CONTEXTO PLURAL pode saber qual a melhor OP\u00c7\u00c3O, considerando que existem MILH\u00d5ES DE OFERTAS neste MERCADO DIGITAL&#8230;<\/p>\n<p style=\"text-align: justify;\">Entendo que estamos na ERA DA P\u00d3S-GLOBALIZA\u00c7\u00c3O MIDI\u00c1TICA, entretanto, pode ser at\u00e9 uma METAGLOBALIZA\u00c7\u00c3O MIDI\u00c1TICA, por\u00e9m, n\u00e3o tem mais volta e tudo est\u00e1 acima de TODOS\/AS, bem como, sempre prevalecendo os interesses do MERCADO em tempo de P\u00d3S-GLOBALIZA\u00c7\u00c3O ECON\u00d4MICA&#8230;<\/p>\n<p style=\"text-align: justify;\">O denominado PLANETA M\u00cdDIA como denominou o pesquisador D\u00caNIS MORAES na d\u00e9cada de 90, continua mais atual do que nunca nestes meios MIDI\u00c1TICOS para muitos DESENCONTROS, desta vez, patrocinados e determinados pela IA- INTELIG\u00caNCIA ARTIFICIAL&#8230;<\/p>\n<p style=\"text-align: justify;\">QUEM SOBREVIVER VAI SABER&#8230;<\/p>\n<p style=\"text-align: justify;\">___________________________________<\/p>\n<p style=\"text-align: justify;\"><strong><em>(*) jornalista diplomado e pesquisador da c\u00e1tedra unesco\/umesp de comunica\u00e7\u00e3o para o desenvolvimento regional.<\/em><\/strong><\/p>\n<p style=\"text-align: justify;\"><strong><em>e-mail: <a href=\"mailto:barbosa.sebar@gmail.com\">barbosa.sebar@gmail.com<\/a><\/em><\/strong><\/p>\n<p><strong><em>\u00a0<\/em><\/strong><\/p>\n<p>&nbsp;<\/p>\n<p>&nbsp;<\/p>\n","protected":false},"excerpt":{"rendered":"<p>M\u00cdDIA DIGITAL E P\u00d3S-GLOBALIZA\u00c7\u00c3O EM N\u00cdVEL \u201cGLOCAL\u201d&#8230; \u201cAcredito que o desenvolvimento pleno da intelig\u00eancia artificial poderia significar o fim da ra\u00e7a humana.\u201d (Stephen Hawking) \u201cA nova onda de intelig\u00eancia artificial n\u00e3o nos traz propriamente a intelig\u00eancia, mas um componente cr\u00edtico dela: a previs\u00e3o.\u201d (Ajay Agrawal) S\u00e9rgio Barbosa (*) N\u00e3o se pode deixar de registrar que [&hellip;]<\/p>\n","protected":false},"author":1,"featured_media":75691,"comment_status":"closed","ping_status":"open","sticky":false,"template":"","format":"standard","meta":{"footnotes":""},"categories":[175],"tags":[],"class_list":["post-75690","post","type-post","status-publish","format-standard","has-post-thumbnail","hentry","category-artigos"],"_links":{"self":[{"href":"https:\/\/jorgezanoni.com.br\/2019\/wp-json\/wp\/v2\/posts\/75690","targetHints":{"allow":["GET"]}}],"collection":[{"href":"https:\/\/jorgezanoni.com.br\/2019\/wp-json\/wp\/v2\/posts"}],"about":[{"href":"https:\/\/jorgezanoni.com.br\/2019\/wp-json\/wp\/v2\/types\/post"}],"author":[{"embeddable":true,"href":"https:\/\/jorgezanoni.com.br\/2019\/wp-json\/wp\/v2\/users\/1"}],"replies":[{"embeddable":true,"href":"https:\/\/jorgezanoni.com.br\/2019\/wp-json\/wp\/v2\/comments?post=75690"}],"version-history":[{"count":1,"href":"https:\/\/jorgezanoni.com.br\/2019\/wp-json\/wp\/v2\/posts\/75690\/revisions"}],"predecessor-version":[{"id":75692,"href":"https:\/\/jorgezanoni.com.br\/2019\/wp-json\/wp\/v2\/posts\/75690\/revisions\/75692"}],"wp:featuredmedia":[{"embeddable":true,"href":"https:\/\/jorgezanoni.com.br\/2019\/wp-json\/wp\/v2\/media\/75691"}],"wp:attachment":[{"href":"https:\/\/jorgezanoni.com.br\/2019\/wp-json\/wp\/v2\/media?parent=75690"}],"wp:term":[{"taxonomy":"category","embeddable":true,"href":"https:\/\/jorgezanoni.com.br\/2019\/wp-json\/wp\/v2\/categories?post=75690"},{"taxonomy":"post_tag","embeddable":true,"href":"https:\/\/jorgezanoni.com.br\/2019\/wp-json\/wp\/v2\/tags?post=75690"}],"curies":[{"name":"wp","href":"https:\/\/api.w.org\/{rel}","templated":true}]}}