{"id":75682,"date":"2023-05-02T22:14:58","date_gmt":"2023-05-02T22:14:58","guid":{"rendered":"https:\/\/jorgezanoni.com.br\/2019\/?p=75682"},"modified":"2023-05-02T22:14:58","modified_gmt":"2023-05-02T22:14:58","slug":"com-mais-de-r-36-bilhoes-concedidos-aos-produtores-na-atual-safra-sicredi-participa-da-28a-agrishow","status":"publish","type":"post","link":"https:\/\/jorgezanoni.com.br\/2019\/com-mais-de-r-36-bilhoes-concedidos-aos-produtores-na-atual-safra-sicredi-participa-da-28a-agrishow\/","title":{"rendered":"Com mais de R$ 36 bilh\u00f5es concedidos aos produtores na atual safra, Sicredi participa da 28\u00aa Agrishow"},"content":{"rendered":"<p style=\"text-align: justify;\"><strong><i>Valor representa aumento de 36% na compara\u00e7\u00e3o com o ciclo anterior e consolida institui\u00e7\u00e3o como a segunda maior no fomento \u00e0 atividade rural.<\/i><\/strong><\/p>\n<p style=\"text-align: justify;\">No dia 1\u00ba de maio, come\u00e7a a 28\u00aa Agrishow &#8211; Feira Internacional de Tecnologia Agr\u00edcola em A\u00e7\u00e3o &#8211; com a presen\u00e7a de mais de 800 marcas do Brasil e do exterior. Com solu\u00e7\u00f5es para o agroneg\u00f3cio, o Sicredi, institui\u00e7\u00e3o financeira cooperativa presente em todas as regi\u00f5es do pa\u00eds, marcar\u00e1 presen\u00e7a na feira em Ribeir\u00e3o Preto (SP), refor\u00e7ando a parceria de mais de um s\u00e9culo com o produtor rural. Segunda maior institui\u00e7\u00e3o financeira do Brasil em cr\u00e9dito rural, o Sicredi j\u00e1 liberou, de julho a mar\u00e7o, R$ 36,4 bilh\u00f5es no Plano Safra 2022\/2023, em mais de 238 mil opera\u00e7\u00f5es. O valor \u00e9 36% superior em compara\u00e7\u00e3o com o mesmo per\u00edodo da safra anterior.<\/p>\n<p style=\"text-align: justify;\">Com foco em atender aos pequenos produtores, foram realizadas mais de 141 mil opera\u00e7\u00f5es via Programa Nacional de Fortalecimento da Agricultura Familiar (Pronaf) com um montante de quase R$ 9,6 bilh\u00f5es, um aumento de 49% em rela\u00e7\u00e3o ao mesmo per\u00edodo do ciclo anterior. J\u00e1 o valor liberado via Programa de Apoio ao M\u00e9dio Produtor Rural (Pronamp) chegou a R$ 7,2 bilh\u00f5es, com crescimento de 45%. Quanto \u00e0 distribui\u00e7\u00e3o por finalidade, 71% do valor foi para custeio, com R$ 18,5 bilh\u00f5es, tamb\u00e9m registrando um aumento de 21%. J\u00e1 para investimentos foram destinados R$ 6,7 bilh\u00f5es.<\/p>\n<p style=\"text-align: justify;\">A C\u00e9dula de Produto Rural (CPR) foi outro destaque no per\u00edodo com recorde de desempenho. O volume em concess\u00e3o ultrapassou R$ 10,6 bilh\u00f5es, o que representa um crescimento de 183% em compara\u00e7\u00e3o ao mesmo per\u00edodo da safra anterior. O t\u00edtulo \u00e9 muito utilizado por produtores rurais e por cooperativas de produ\u00e7\u00e3o visando \u00e0 obten\u00e7\u00e3o de recursos para desenvolver seu empreendimento.<\/p>\n<p style=\"text-align: justify;\">De acordo com o diretor-executivo de Cr\u00e9dito do Sicredi, Gustavo Freitas, o hist\u00f3rico de dados positivos reflete o compromisso e a aten\u00e7\u00e3o que o Sicredi tem com o p\u00fablico agro. &#8220;Buscamos manter um relacionamento pr\u00f3ximo com nossos associados produtores rurais, o que nos possibilita conhecer a necessidade de cada um, bem como a realidade das regi\u00f5es onde estamos inseridos. Os n\u00fameros do Plano Safra mostram que conseguimos disponibilizar, a cada novo ciclo, mais recursos para o p\u00fablico agro. Temos muito orgulho de sermos a segunda maior institui\u00e7\u00e3o financeira em cr\u00e9dito rural do Brasil, demonstrando nosso reconhecimento a esse setor t\u00e3o importante para a economia brasileira&#8221;, afirma.<\/p>\n<p style=\"text-align: justify;\"><strong>Sicredi apresenta solu\u00e7\u00f5es para produtores na Agrishow<\/strong><\/p>\n<p style=\"text-align: justify;\">Com o mote &#8220;O Brasil conta com o Agro e o Agro conta com o Sicredi&#8221;, a institui\u00e7\u00e3o financeira apresentar\u00e1 aos produtores rurais condi\u00e7\u00f5es especiais e solu\u00e7\u00f5es para o agro, como cons\u00f3rcio e cr\u00e9dito para financiamento de maquin\u00e1rio, ve\u00edculos e equipamentos agr\u00edcolas, planos para seguro rural e pain\u00e9is que geram energia fotovoltaica.<\/p>\n<p style=\"text-align: justify;\">As solu\u00e7\u00f5es s\u00e3o pensadas para fomentar ainda mais o setor, visto a sua relev\u00e2ncia para o pa\u00eds &#8211; a participa\u00e7\u00e3o total do Agroneg\u00f3cio no PIB brasileiro ficou em 24,8% em 2022. Tamb\u00e9m no ano passado, as exporta\u00e7\u00f5es do agroneg\u00f3cio somaram US$ 159,1 bilh\u00f5es, com alta de 32% em rela\u00e7\u00e3o ao ano anterior, conforme dados do Minist\u00e9rio da Agricultura e Pecu\u00e1ria.<\/p>\n<p style=\"text-align: justify;\">&#8220;Estaremos em Ribeir\u00e3o Preto com uma equipe preparada para atender \u00e0s demandas dos produtores rurais de maneira consultiva e especializada, buscando compreender as necessidades de cada associado. Quem visitar o estande do Sicredi na Agrishow poder\u00e1 conhecer de perto os diferenciais do cooperativismo de cr\u00e9dito visando \u00e0 gera\u00e7\u00e3o de renda no campo e, por consequ\u00eancia, uma sociedade mais pr\u00f3spera&#8221;, finaliza o gerente de Desenvolvimento de Neg\u00f3cios da Central Sicredi PR\/SP\/RJ, Gilson Farias.<\/p>\n<p style=\"text-align: justify;\"><em><b>Sobre o Sicredi<\/b><\/em><\/p>\n<p class=\"v1MsoNormal\" style=\"text-align: justify;\"><i>O Sicredi \u00e9 uma institui\u00e7\u00e3o financeira cooperativa comprometida com o crescimento de seus associados e com o desenvolvimento das regi\u00f5es onde atua. Possui um modelo de gest\u00e3o que valoriza a participa\u00e7\u00e3o dos mais de 6 milh\u00f5es de associados, que exercem o papel de donos do neg\u00f3cio. Com mais de 2.400 ag\u00eancias, o Sicredi est\u00e1 presente fisicamente em todos os estados brasileiros e no Distrito Federal, disponibilizando mais de 300 produtos e servi\u00e7os financeiros.<\/i><\/p>\n<p class=\"v1MsoNormal\"><b><i>Site do Sicredi:\u00a0<a href=\"http:\/\/www.sicredi.com.br\/\" target=\"_blank\" rel=\"noopener noreferrer\">www.sicredi.com.br<\/a><\/i><\/b><\/p>\n<p class=\"v1MsoNormal\"><b><i>Redes Sociais:\u00a0<\/i><\/b><em><b><u><span lang=\"EN-US\"><a href=\"http:\/\/www.facebook.com\/sicredicentrooestepaulista\" target=\"_blank\" rel=\"noopener noreferrer\"><i><span lang=\"PT-BR\">Facebook<\/span><\/i><\/a><\/span><\/u><\/b><\/em><em>\u00a0|<\/em>\u00a0<em><b><u><span lang=\"EN-US\"><a href=\"https:\/\/www.linkedin.com\/company\/sicredi-centro-oeste-paulista\/\" target=\"_blank\" rel=\"noopener noreferrer\"><i><span lang=\"PT-BR\">LinkedIn<\/span><\/i><\/a><\/span><\/u><\/b><\/em><em>\u00a0|<\/em>\u00a0<em><b><u><span lang=\"EN-US\"><a href=\"http:\/\/www.youtube.com\/sicredicentrooestepaulista\" target=\"_blank\" rel=\"noopener noreferrer\"><i><span lang=\"PT-BR\">YouTube<\/span><\/i><\/a><\/span><\/u><\/b><\/em><span lang=\"EN-US\">\u00a0<\/span><em>|\u00a0<\/em><em><b><u><span lang=\"EN-US\"><a href=\"http:\/\/www.instagram.com\/sicredicentrooestepaulista\" target=\"_blank\" rel=\"noopener noreferrer\"><i><span lang=\"PT-BR\">Instagram<\/span><\/i><\/a><\/span><\/u><\/b><\/em><\/p>\n<p style=\"text-align: justify;\"><img loading=\"lazy\" decoding=\"async\" class=\"alignnone size-full wp-image-75683\" src=\"https:\/\/jorgezanoni.com.br\/2019\/wp-content\/uploads\/2023\/05\/Sicredi-Agrishow-2019-Credito-Drone-Jc-Producoes.jpg\" alt=\"\" width=\"700\" height=\"393\" srcset=\"https:\/\/jorgezanoni.com.br\/2019\/wp-content\/uploads\/2023\/05\/Sicredi-Agrishow-2019-Credito-Drone-Jc-Producoes.jpg 700w, https:\/\/jorgezanoni.com.br\/2019\/wp-content\/uploads\/2023\/05\/Sicredi-Agrishow-2019-Credito-Drone-Jc-Producoes-300x168.jpg 300w, https:\/\/jorgezanoni.com.br\/2019\/wp-content\/uploads\/2023\/05\/Sicredi-Agrishow-2019-Credito-Drone-Jc-Producoes-696x391.jpg 696w\" sizes=\"auto, (max-width: 700px) 100vw, 700px\" \/>Pelo Plano Safra 2022\/2023, o Sicredi j\u00e1 realizou mais de 238 mil opera\u00e7\u00f5es no per\u00edodo entre julho e mar\u00e7o<br \/>\n<i>Cr\u00e9ditos: Drone Jc Produ\u00e7\u00f5es<\/i><\/p>\n<p style=\"text-align: justify;\"><img loading=\"lazy\" decoding=\"async\" class=\"alignnone size-full wp-image-75684\" src=\"https:\/\/jorgezanoni.com.br\/2019\/wp-content\/uploads\/2023\/05\/Sicredi-Agrishow-2019-Credito-Drone-Jc-Producoes-1.jpg\" alt=\"\" width=\"700\" height=\"393\" srcset=\"https:\/\/jorgezanoni.com.br\/2019\/wp-content\/uploads\/2023\/05\/Sicredi-Agrishow-2019-Credito-Drone-Jc-Producoes-1.jpg 700w, https:\/\/jorgezanoni.com.br\/2019\/wp-content\/uploads\/2023\/05\/Sicredi-Agrishow-2019-Credito-Drone-Jc-Producoes-1-300x168.jpg 300w, https:\/\/jorgezanoni.com.br\/2019\/wp-content\/uploads\/2023\/05\/Sicredi-Agrishow-2019-Credito-Drone-Jc-Producoes-1-696x391.jpg 696w\" sizes=\"auto, (max-width: 700px) 100vw, 700px\" \/>O Sicredi \u00e9 a segunda maior institui\u00e7\u00e3o financeira do Brasil em cr\u00e9dito rural<br \/>\n<i>Cr\u00e9ditos: divulga\u00e7\u00e3o<\/i><\/p>\n<p style=\"text-align: justify;\"><img loading=\"lazy\" decoding=\"async\" class=\"alignnone size-full wp-image-75685\" src=\"https:\/\/jorgezanoni.com.br\/2019\/wp-content\/uploads\/2023\/05\/Agrishow-2022-Sicredi-4-Credito-Leandro-Carvalho-1-.jpg\" alt=\"\" width=\"500\" height=\"333\" srcset=\"https:\/\/jorgezanoni.com.br\/2019\/wp-content\/uploads\/2023\/05\/Agrishow-2022-Sicredi-4-Credito-Leandro-Carvalho-1-.jpg 500w, https:\/\/jorgezanoni.com.br\/2019\/wp-content\/uploads\/2023\/05\/Agrishow-2022-Sicredi-4-Credito-Leandro-Carvalho-1--300x200.jpg 300w\" sizes=\"auto, (max-width: 500px) 100vw, 500px\" \/>Sicredi apresentar\u00e1 solu\u00e7\u00f5es variadas para produtores na Agrishow<br \/>\n<i>Cr\u00e9ditos: Leandro Carvalho<\/i><\/p>\n<p style=\"text-align: justify;\"><img loading=\"lazy\" decoding=\"async\" class=\"alignnone size-full wp-image-75687\" src=\"https:\/\/jorgezanoni.com.br\/2019\/wp-content\/uploads\/2023\/05\/Sicredi-Gilson-Farias-alta.jpg\" alt=\"\" width=\"700\" height=\"1050\" srcset=\"https:\/\/jorgezanoni.com.br\/2019\/wp-content\/uploads\/2023\/05\/Sicredi-Gilson-Farias-alta.jpg 700w, https:\/\/jorgezanoni.com.br\/2019\/wp-content\/uploads\/2023\/05\/Sicredi-Gilson-Farias-alta-200x300.jpg 200w, https:\/\/jorgezanoni.com.br\/2019\/wp-content\/uploads\/2023\/05\/Sicredi-Gilson-Farias-alta-683x1024.jpg 683w, https:\/\/jorgezanoni.com.br\/2019\/wp-content\/uploads\/2023\/05\/Sicredi-Gilson-Farias-alta-696x1044.jpg 696w, https:\/\/jorgezanoni.com.br\/2019\/wp-content\/uploads\/2023\/05\/Sicredi-Gilson-Farias-alta-280x420.jpg 280w\" sizes=\"auto, (max-width: 700px) 100vw, 700px\" \/><\/p>\n<p style=\"text-align: justify;\">O gerente de Desenvolvimento de Neg\u00f3cios da Central Sicredi PR\/SP\/RJ, Gilson Farias, destaca que a institui\u00e7\u00e3o estar\u00e1 na feira com atendimento consultivo e especializado<br \/>\n<i>Cr\u00e9ditos: divulga\u00e7\u00e3o<\/i><br \/>\n<a href=\"https:\/\/imagens.pressmanager.net\/download?foto_id=4228743&amp;release_id=488335&amp;did=1016452662&amp;envio_id=1385822&amp;hash=b5f171223508bf882bed769e27ff264d\" target=\"_blank\" rel=\"noopener noreferrer\">baixar em alta resolu\u00e7\u00e3o<\/a><\/p>\n<p>CAPA: O diretor-executivo de Cr\u00e9dito do Sicredi, Gustavo Freitas, destaca que os dados positivos refletem o compromisso da institui\u00e7\u00e3o com o p\u00fablico agro<br \/>\n<i>Cr\u00e9ditos: divulga\u00e7\u00e3o<\/i><\/p>\n<p>Fonte: Comunica\u00e7\u00e3o e Marketing<\/p>\n","protected":false},"excerpt":{"rendered":"<p>Valor representa aumento de 36% na compara\u00e7\u00e3o com o ciclo anterior e consolida institui\u00e7\u00e3o como a segunda maior no fomento \u00e0 atividade rural. No dia 1\u00ba de maio, come\u00e7a a 28\u00aa Agrishow &#8211; Feira Internacional de Tecnologia Agr\u00edcola em A\u00e7\u00e3o &#8211; com a presen\u00e7a de mais de 800 marcas do Brasil e do exterior. Com [&hellip;]<\/p>\n","protected":false},"author":1,"featured_media":75688,"comment_status":"closed","ping_status":"open","sticky":false,"template":"","format":"standard","meta":{"footnotes":""},"categories":[110,116],"tags":[],"class_list":["post-75682","post","type-post","status-publish","format-standard","has-post-thumbnail","hentry","category-noticiasdestaque","category-politicaeeconomia"],"_links":{"self":[{"href":"https:\/\/jorgezanoni.com.br\/2019\/wp-json\/wp\/v2\/posts\/75682","targetHints":{"allow":["GET"]}}],"collection":[{"href":"https:\/\/jorgezanoni.com.br\/2019\/wp-json\/wp\/v2\/posts"}],"about":[{"href":"https:\/\/jorgezanoni.com.br\/2019\/wp-json\/wp\/v2\/types\/post"}],"author":[{"embeddable":true,"href":"https:\/\/jorgezanoni.com.br\/2019\/wp-json\/wp\/v2\/users\/1"}],"replies":[{"embeddable":true,"href":"https:\/\/jorgezanoni.com.br\/2019\/wp-json\/wp\/v2\/comments?post=75682"}],"version-history":[{"count":1,"href":"https:\/\/jorgezanoni.com.br\/2019\/wp-json\/wp\/v2\/posts\/75682\/revisions"}],"predecessor-version":[{"id":75689,"href":"https:\/\/jorgezanoni.com.br\/2019\/wp-json\/wp\/v2\/posts\/75682\/revisions\/75689"}],"wp:featuredmedia":[{"embeddable":true,"href":"https:\/\/jorgezanoni.com.br\/2019\/wp-json\/wp\/v2\/media\/75688"}],"wp:attachment":[{"href":"https:\/\/jorgezanoni.com.br\/2019\/wp-json\/wp\/v2\/media?parent=75682"}],"wp:term":[{"taxonomy":"category","embeddable":true,"href":"https:\/\/jorgezanoni.com.br\/2019\/wp-json\/wp\/v2\/categories?post=75682"},{"taxonomy":"post_tag","embeddable":true,"href":"https:\/\/jorgezanoni.com.br\/2019\/wp-json\/wp\/v2\/tags?post=75682"}],"curies":[{"name":"wp","href":"https:\/\/api.w.org\/{rel}","templated":true}]}}