{"id":75594,"date":"2023-04-30T19:17:29","date_gmt":"2023-04-30T19:17:29","guid":{"rendered":"https:\/\/jorgezanoni.com.br\/2019\/?p=75594"},"modified":"2023-04-30T19:18:17","modified_gmt":"2023-04-30T19:18:17","slug":"mulher-atropela-homem-com-veiculo-e-nao-presta-socorro-em-dracena","status":"publish","type":"post","link":"https:\/\/jorgezanoni.com.br\/2019\/mulher-atropela-homem-com-veiculo-e-nao-presta-socorro-em-dracena\/","title":{"rendered":"Mulher atropela homem com ve\u00edculo e n\u00e3o presta socorro em Dracena"},"content":{"rendered":"<p style=\"text-align: justify;\">POL\u00cdCIA MILITAR EM DRACENA ATENDE ATROPELAMENTO NA MADRUGADA EM FRENTE A ESTABELECIMENTO COMERCIAL.<\/p>\n<p style=\"text-align: justify;\">Na data de hoje (30) por volta das 02h05min a Pol\u00edcia Militar em Dracena foi acionada para a rua Duque de Caxias, Centro, local onde a v\u00edtima (homem 44 anos) encontrava-se ca\u00eddo no asfalto reclamava de muita dor, aparentando fratura na perna direita.<\/p>\n<p style=\"text-align: justify;\">Ao ser questionado alguns transeuntes, foi informado que a v\u00edtima foi atropelado por um ve\u00edculo Ford Ecosport de cor prata e o motorista era do sexo feminino que evadiu-se do local.<\/p>\n<p style=\"text-align: justify;\">Nenhuma pessoa conseguiu ver a placa do ve\u00edculo ou a identidade do atropeladador para testemunhar.<\/p>\n<p style=\"text-align: justify;\">Foi poss\u00edvel ver que nos im\u00f3veis pr\u00f3ximos, existe c\u00e2meras de vigil\u00e2ncia podendo ser auxiliar na identifica\u00e7\u00e3o do autor.<\/p>\n<p style=\"text-align: justify;\">A v\u00edtima foi socorrido pela unidade de resgate at\u00e9 o Pronto Socorro local.<\/p>\n<p style=\"text-align: justify;\">Os dados foram transmitidos no Plant\u00e3o de Pol\u00edcia Judici\u00e1ria para elabora\u00e7\u00e3o de BOPC.<\/p>\n<p style=\"text-align: justify;\">Fonte: Com. Social Pol\u00edcia Militar<\/p>\n<p>Foto de Internauta<\/p>\n","protected":false},"excerpt":{"rendered":"<p>POL\u00cdCIA MILITAR EM DRACENA ATENDE ATROPELAMENTO NA MADRUGADA EM FRENTE A ESTABELECIMENTO COMERCIAL. Na data de hoje (30) por volta das 02h05min a Pol\u00edcia Militar em Dracena foi acionada para a rua Duque de Caxias, Centro, local onde a v\u00edtima (homem 44 anos) encontrava-se ca\u00eddo no asfalto reclamava de muita dor, aparentando fratura na perna [&hellip;]<\/p>\n","protected":false},"author":1,"featured_media":75595,"comment_status":"closed","ping_status":"open","sticky":false,"template":"","format":"standard","meta":{"footnotes":""},"categories":[170,110],"tags":[],"class_list":["post-75594","post","type-post","status-publish","format-standard","has-post-thumbnail","hentry","category-acidentes","category-noticiasdestaque"],"_links":{"self":[{"href":"https:\/\/jorgezanoni.com.br\/2019\/wp-json\/wp\/v2\/posts\/75594","targetHints":{"allow":["GET"]}}],"collection":[{"href":"https:\/\/jorgezanoni.com.br\/2019\/wp-json\/wp\/v2\/posts"}],"about":[{"href":"https:\/\/jorgezanoni.com.br\/2019\/wp-json\/wp\/v2\/types\/post"}],"author":[{"embeddable":true,"href":"https:\/\/jorgezanoni.com.br\/2019\/wp-json\/wp\/v2\/users\/1"}],"replies":[{"embeddable":true,"href":"https:\/\/jorgezanoni.com.br\/2019\/wp-json\/wp\/v2\/comments?post=75594"}],"version-history":[{"count":1,"href":"https:\/\/jorgezanoni.com.br\/2019\/wp-json\/wp\/v2\/posts\/75594\/revisions"}],"predecessor-version":[{"id":75596,"href":"https:\/\/jorgezanoni.com.br\/2019\/wp-json\/wp\/v2\/posts\/75594\/revisions\/75596"}],"wp:featuredmedia":[{"embeddable":true,"href":"https:\/\/jorgezanoni.com.br\/2019\/wp-json\/wp\/v2\/media\/75595"}],"wp:attachment":[{"href":"https:\/\/jorgezanoni.com.br\/2019\/wp-json\/wp\/v2\/media?parent=75594"}],"wp:term":[{"taxonomy":"category","embeddable":true,"href":"https:\/\/jorgezanoni.com.br\/2019\/wp-json\/wp\/v2\/categories?post=75594"},{"taxonomy":"post_tag","embeddable":true,"href":"https:\/\/jorgezanoni.com.br\/2019\/wp-json\/wp\/v2\/tags?post=75594"}],"curies":[{"name":"wp","href":"https:\/\/api.w.org\/{rel}","templated":true}]}}