{"id":7559,"date":"2019-09-29T16:51:51","date_gmt":"2019-09-29T16:51:51","guid":{"rendered":"https:\/\/jorgezanoni.com.br\/2019\/?p=7559"},"modified":"2019-09-29T16:56:17","modified_gmt":"2019-09-29T16:56:17","slug":"pastor-de-tres-lagoas-faz-palestra-na-igreja-evangelica-de-dracena","status":"publish","type":"post","link":"https:\/\/jorgezanoni.com.br\/2019\/pastor-de-tres-lagoas-faz-palestra-na-igreja-evangelica-de-dracena\/","title":{"rendered":"Pastor de Tr\u00eas Lagoas faz palestra na Igreja Evang\u00e9lica de Dracena"},"content":{"rendered":"<p style=\"text-align: justify;\">QUER SER IMPACTADO, OUVIR O QUE DEUS TEM A DIZER PRA VOC\u00ca SUA FAMILIA?<\/p>\n<p style=\"text-align: justify;\">ENT\u00c3O VENHA HOJE AS 19:00 NA IGREJA EVANG\u00c9LICA DE DRACENA, ONDE O PASTOR ANDERSON BALDO DE TR\u00caS LAGOAS, ESTAR\u00c1 TRAZENDO UMA MENSAGEM QUE VAI EDIFICAR A SUA VIDA.<\/p>\n<p style=\"text-align: justify;\">VOC\u00ca E NOSSO CONVIDADO ESPECIAL.<\/p>\n<p style=\"text-align: justify;\">A IGREJA EVANG\u00c9LICA DE DRACENA FICA NA RUA MARECHAL RONDON, 399 NO CENTRO EM DRACENA<\/p>\n","protected":false},"excerpt":{"rendered":"<p>QUER SER IMPACTADO, OUVIR O QUE DEUS TEM A DIZER PRA VOC\u00ca SUA FAMILIA? ENT\u00c3O VENHA HOJE AS 19:00 NA IGREJA EVANG\u00c9LICA DE DRACENA, ONDE O PASTOR ANDERSON BALDO DE TR\u00caS LAGOAS, ESTAR\u00c1 TRAZENDO UMA MENSAGEM QUE VAI EDIFICAR A SUA VIDA. VOC\u00ca E NOSSO CONVIDADO ESPECIAL. A IGREJA EVANG\u00c9LICA DE DRACENA FICA NA RUA [&hellip;]<\/p>\n","protected":false},"author":1,"featured_media":7560,"comment_status":"closed","ping_status":"open","sticky":false,"template":"","format":"standard","meta":{"footnotes":""},"categories":[172],"tags":[],"class_list":["post-7559","post","type-post","status-publish","format-standard","has-post-thumbnail","hentry","category-agenda"],"_links":{"self":[{"href":"https:\/\/jorgezanoni.com.br\/2019\/wp-json\/wp\/v2\/posts\/7559","targetHints":{"allow":["GET"]}}],"collection":[{"href":"https:\/\/jorgezanoni.com.br\/2019\/wp-json\/wp\/v2\/posts"}],"about":[{"href":"https:\/\/jorgezanoni.com.br\/2019\/wp-json\/wp\/v2\/types\/post"}],"author":[{"embeddable":true,"href":"https:\/\/jorgezanoni.com.br\/2019\/wp-json\/wp\/v2\/users\/1"}],"replies":[{"embeddable":true,"href":"https:\/\/jorgezanoni.com.br\/2019\/wp-json\/wp\/v2\/comments?post=7559"}],"version-history":[{"count":0,"href":"https:\/\/jorgezanoni.com.br\/2019\/wp-json\/wp\/v2\/posts\/7559\/revisions"}],"wp:featuredmedia":[{"embeddable":true,"href":"https:\/\/jorgezanoni.com.br\/2019\/wp-json\/wp\/v2\/media\/7560"}],"wp:attachment":[{"href":"https:\/\/jorgezanoni.com.br\/2019\/wp-json\/wp\/v2\/media?parent=7559"}],"wp:term":[{"taxonomy":"category","embeddable":true,"href":"https:\/\/jorgezanoni.com.br\/2019\/wp-json\/wp\/v2\/categories?post=7559"},{"taxonomy":"post_tag","embeddable":true,"href":"https:\/\/jorgezanoni.com.br\/2019\/wp-json\/wp\/v2\/tags?post=7559"}],"curies":[{"name":"wp","href":"https:\/\/api.w.org\/{rel}","templated":true}]}}