{"id":75515,"date":"2023-04-29T22:59:24","date_gmt":"2023-04-29T22:59:24","guid":{"rendered":"https:\/\/jorgezanoni.com.br\/2019\/?p=75515"},"modified":"2023-04-29T23:00:32","modified_gmt":"2023-04-29T23:00:32","slug":"tombamento-de-moto-deixa-condutor-ferido-na-sp-294-em-dracena","status":"publish","type":"post","link":"https:\/\/jorgezanoni.com.br\/2019\/tombamento-de-moto-deixa-condutor-ferido-na-sp-294-em-dracena\/","title":{"rendered":"Tombamento de Moto deixa condutor ferido na SP-294 em Dracena"},"content":{"rendered":"<p style=\"text-align: justify;\"><strong>Acidente aconteceu pr\u00f3ximo da entrada de Dracena pela Rua Ipiranga, no sentido a Tupi Paulista.<\/strong><\/p>\n<p>No in\u00edcio da manh\u00e3 deste s\u00e1bado (29), foi registrado um acidente de tr\u00e2nsito com v\u00edtima no Km. 648 da Rodovia Comandante Jo\u00e3o Ribeiro de Barros, Km. 648.<\/p>\n<p>Segundo informa\u00e7\u00f5es obtidas no local pela reportagem do SITE JZ e TOP TV, um rapaz de 23 anos fazia o sentido Dracena a Tupi Paulista, quando por motivos a serem apurados, perdeu o controle da Motocicleta que pilotava, placa de Dracena, e caiu al\u00e9m do acostamento do lado direito de sua m\u00e3o de dire\u00e7\u00e3o.<\/p>\n<p>Equipes da Concession\u00e1ria Eixo socorreram o condutor at\u00e9 o Pronto Atendimento Municipal, aparentemente com ferimentos leves.<\/p>\n<p>A Pol\u00edcia Militar Rodovi\u00e1ria e T\u00e9cnica compareceram ao local para registro e apura\u00e7\u00e3o dos fatos.<\/p>\n<p><img loading=\"lazy\" decoding=\"async\" class=\"alignnone size-full wp-image-75516\" src=\"https:\/\/jorgezanoni.com.br\/2019\/wp-content\/uploads\/2023\/04\/IMG_5920-Pequeno.jpg\" alt=\"\" width=\"640\" height=\"480\" srcset=\"https:\/\/jorgezanoni.com.br\/2019\/wp-content\/uploads\/2023\/04\/IMG_5920-Pequeno.jpg 640w, https:\/\/jorgezanoni.com.br\/2019\/wp-content\/uploads\/2023\/04\/IMG_5920-Pequeno-300x225.jpg 300w, https:\/\/jorgezanoni.com.br\/2019\/wp-content\/uploads\/2023\/04\/IMG_5920-Pequeno-80x60.jpg 80w, https:\/\/jorgezanoni.com.br\/2019\/wp-content\/uploads\/2023\/04\/IMG_5920-Pequeno-265x198.jpg 265w, https:\/\/jorgezanoni.com.br\/2019\/wp-content\/uploads\/2023\/04\/IMG_5920-Pequeno-560x420.jpg 560w\" sizes=\"auto, (max-width: 640px) 100vw, 640px\" \/> <img loading=\"lazy\" decoding=\"async\" class=\"alignnone size-full wp-image-75517\" src=\"https:\/\/jorgezanoni.com.br\/2019\/wp-content\/uploads\/2023\/04\/IMG_5921-Pequeno.jpg\" alt=\"\" width=\"640\" height=\"480\" srcset=\"https:\/\/jorgezanoni.com.br\/2019\/wp-content\/uploads\/2023\/04\/IMG_5921-Pequeno.jpg 640w, https:\/\/jorgezanoni.com.br\/2019\/wp-content\/uploads\/2023\/04\/IMG_5921-Pequeno-300x225.jpg 300w, https:\/\/jorgezanoni.com.br\/2019\/wp-content\/uploads\/2023\/04\/IMG_5921-Pequeno-80x60.jpg 80w, https:\/\/jorgezanoni.com.br\/2019\/wp-content\/uploads\/2023\/04\/IMG_5921-Pequeno-265x198.jpg 265w, https:\/\/jorgezanoni.com.br\/2019\/wp-content\/uploads\/2023\/04\/IMG_5921-Pequeno-560x420.jpg 560w\" sizes=\"auto, (max-width: 640px) 100vw, 640px\" \/> <img loading=\"lazy\" decoding=\"async\" class=\"alignnone size-full wp-image-75518\" src=\"https:\/\/jorgezanoni.com.br\/2019\/wp-content\/uploads\/2023\/04\/IMG_5922-Pequeno.jpg\" alt=\"\" width=\"640\" height=\"480\" srcset=\"https:\/\/jorgezanoni.com.br\/2019\/wp-content\/uploads\/2023\/04\/IMG_5922-Pequeno.jpg 640w, https:\/\/jorgezanoni.com.br\/2019\/wp-content\/uploads\/2023\/04\/IMG_5922-Pequeno-300x225.jpg 300w, https:\/\/jorgezanoni.com.br\/2019\/wp-content\/uploads\/2023\/04\/IMG_5922-Pequeno-80x60.jpg 80w, https:\/\/jorgezanoni.com.br\/2019\/wp-content\/uploads\/2023\/04\/IMG_5922-Pequeno-265x198.jpg 265w, https:\/\/jorgezanoni.com.br\/2019\/wp-content\/uploads\/2023\/04\/IMG_5922-Pequeno-560x420.jpg 560w\" sizes=\"auto, (max-width: 640px) 100vw, 640px\" \/><\/p>\n<p>Jorge Zanoni<\/p>\n<p>&nbsp;<\/p>\n","protected":false},"excerpt":{"rendered":"<p>Acidente aconteceu pr\u00f3ximo da entrada de Dracena pela Rua Ipiranga, no sentido a Tupi Paulista. No in\u00edcio da manh\u00e3 deste s\u00e1bado (29), foi registrado um acidente de tr\u00e2nsito com v\u00edtima no Km. 648 da Rodovia Comandante Jo\u00e3o Ribeiro de Barros, Km. 648. Segundo informa\u00e7\u00f5es obtidas no local pela reportagem do SITE JZ e TOP TV, [&hellip;]<\/p>\n","protected":false},"author":1,"featured_media":75519,"comment_status":"closed","ping_status":"open","sticky":false,"template":"","format":"standard","meta":{"footnotes":""},"categories":[170,110],"tags":[],"class_list":["post-75515","post","type-post","status-publish","format-standard","has-post-thumbnail","hentry","category-acidentes","category-noticiasdestaque"],"_links":{"self":[{"href":"https:\/\/jorgezanoni.com.br\/2019\/wp-json\/wp\/v2\/posts\/75515","targetHints":{"allow":["GET"]}}],"collection":[{"href":"https:\/\/jorgezanoni.com.br\/2019\/wp-json\/wp\/v2\/posts"}],"about":[{"href":"https:\/\/jorgezanoni.com.br\/2019\/wp-json\/wp\/v2\/types\/post"}],"author":[{"embeddable":true,"href":"https:\/\/jorgezanoni.com.br\/2019\/wp-json\/wp\/v2\/users\/1"}],"replies":[{"embeddable":true,"href":"https:\/\/jorgezanoni.com.br\/2019\/wp-json\/wp\/v2\/comments?post=75515"}],"version-history":[{"count":3,"href":"https:\/\/jorgezanoni.com.br\/2019\/wp-json\/wp\/v2\/posts\/75515\/revisions"}],"predecessor-version":[{"id":75522,"href":"https:\/\/jorgezanoni.com.br\/2019\/wp-json\/wp\/v2\/posts\/75515\/revisions\/75522"}],"wp:featuredmedia":[{"embeddable":true,"href":"https:\/\/jorgezanoni.com.br\/2019\/wp-json\/wp\/v2\/media\/75519"}],"wp:attachment":[{"href":"https:\/\/jorgezanoni.com.br\/2019\/wp-json\/wp\/v2\/media?parent=75515"}],"wp:term":[{"taxonomy":"category","embeddable":true,"href":"https:\/\/jorgezanoni.com.br\/2019\/wp-json\/wp\/v2\/categories?post=75515"},{"taxonomy":"post_tag","embeddable":true,"href":"https:\/\/jorgezanoni.com.br\/2019\/wp-json\/wp\/v2\/tags?post=75515"}],"curies":[{"name":"wp","href":"https:\/\/api.w.org\/{rel}","templated":true}]}}